{"id":286,"date":"2017-01-27T11:25:41","date_gmt":"2017-01-27T15:25:41","guid":{"rendered":"http:\/\/www.socict.org\/cuba\/?p=286"},"modified":"2017-01-27T11:38:32","modified_gmt":"2017-01-27T15:38:32","slug":"26-feria-internacional-del-libro-la-habana-cuba-2017","status":"publish","type":"post","link":"https:\/\/www.socict.org\/cuba\/2017\/01\/27\/26-feria-internacional-del-libro-la-habana-cuba-2017\/","title":{"rendered":"26 Feria Internacional del Libro La Habana CUBA 2017"},"content":{"rendered":"<h3><strong><a href=\"http:\/\/www.socict.org\/cuba\/wp-content\/uploads\/2017\/01\/Feria-Libro.jpg\"><img loading=\"lazy\" decoding=\"async\" class=\"size-medium wp-image-291 aligncenter\" src=\"http:\/\/www.socict.org\/cuba\/wp-content\/uploads\/2017\/01\/Feria-Libro-300x45.jpg\" alt=\"Direcci\u00f3n de Publicaciones Per\u00edodicas\" width=\"300\" height=\"45\" srcset=\"https:\/\/www.socict.org\/cuba\/wp-content\/uploads\/2017\/01\/Feria-Libro-300x45.jpg 300w, https:\/\/www.socict.org\/cuba\/wp-content\/uploads\/2017\/01\/Feria-Libro-768x115.jpg 768w, https:\/\/www.socict.org\/cuba\/wp-content\/uploads\/2017\/01\/Feria-Libro-1024x154.jpg 1024w\" sizes=\"auto, (max-width: 300px) 100vw, 300px\" \/><\/a><\/strong><\/h3>\n<h3><strong>D\u00eda del Ministerio de Educaci\u00f3n y Educaci\u00f3n Superior<\/strong><\/h3>\n<div><strong>Fecha:<\/strong> Mi\u00e9rcoles 15 de febrero de 2017<\/div>\n<div><strong>Hora:\u00a0<\/strong> 13:00 horas<\/div>\n<div><strong>Lugar:<\/strong> <em>Stand G3<\/em>\u00a0 en <em>El Recinto Ferial de San Carlos de La Caba\u00f1a <\/em><\/div>\n<div><a href=\"http:\/\/www.portalferias.com\/feria-internacional-del-libro-la-habana-cuba-2017_31730.htm\"><em>http:\/\/www.portalferias.com\/feria-internacional-del-libro-la-habana-cuba-2017_31730.htm<\/em><\/a><\/div>\n<div><\/div>\n<div><strong>T\u00edtulo: <\/strong>Taller \u201c<em> Edici\u00f3n, publicaci\u00f3n y distribuci\u00f3n de libros digitales acad\u00e9micos: para autores, editores y profesores universitarios<\/em> \u201d<\/div>\n<div><\/div>\n<div><strong>Conductores<\/strong>: Dr C Ra\u00fal Torricella Morales; Dr C Jorge Luis L\u00f3pez Presmanes y\u00a0 Dr C Francisco Lee Tenorio, directivos de la Red Propia de Datos del Ministerio de Educaci\u00f3n Superior: <strong>REDUNIV <\/strong><a href=\"http:\/\/www.reduniv.edu.cu\">http:\/\/www.reduniv.edu.cu<\/a><\/div>\n<div><\/div>\n<div><strong>Participan<\/strong>: Miembros de la Secci\u00f3n de Editores de la Asociaci\u00f3n Cubana de Ciencias de la Informaci\u00f3n (SOCICT), invitados de las Universidades y Editoriales Acad\u00e9micas cubanas y p\u00fablico en general.<\/div>\n<h4><strong>Temas a tratar:<\/strong><\/h4>\n<ol>\n<li>Se presentar\u00e1n las experiencias de la Editorial Universitaria del Ministerio de Educaci\u00f3n Superior en la edici\u00f3n, publicaci\u00f3n y distribuci\u00f3n de libros digitales en REDUNIV durante m\u00e1s de 14 a\u00f1os. <a href=\"http:\/\/beduniv.reduniv.edu.cu\/\" target=\"_blank\">beduniv.reduniv.edu.cu<\/a><\/li>\n<li>Se presentar\u00e1n las Colecciones Digitales de REDUNIV, disponibles en Internet en: <a href=\"http:\/\/beduniv.reduniv.edu.cu\/\">http:\/\/beduniv.reduniv.edu.cu\/<\/a><\/li>\n<li>Se presentar\u00e1 la Convocatoria para las Editoriales Acad\u00e9micas cubanas a divulgar sus obras en la \u00ab<em>Colecci\u00f3n de Libros de Editoriales cubanas<\/em>\u00bb en la Biblioteca Digital Universitaria, <em>disponible s\u00f3lo en REDUNIV para las universidades,<\/em> en la direcci\u00f3n: <a href=\"http:\/\/bdigital.reduniv.edu.cu\/\">http:\/\/bdigital.reduniv.edu.cu\/<\/a><\/li>\n<li>Se entregar\u00e1 el \u00ab<em>Premio del Lector<\/em>\u00bb al libro digital cubano 2017<\/li>\n<\/ol>\n","protected":false},"excerpt":{"rendered":"<p>D\u00eda del Ministerio de Educaci\u00f3n y Educaci\u00f3n Superior Fecha: Mi\u00e9rcoles 15 de febrero de 2017 Hora:\u00a0 13:00 horas Lugar: Stand G3\u00a0 en El Recinto Ferial de San Carlos de La Caba\u00f1a http:\/\/www.portalferias.com\/feria-internacional-del-libro-la-habana-cuba-2017_31730.htm T\u00edtulo: Taller \u201c Edici\u00f3n, publicaci\u00f3n y distribuci\u00f3n de libros digitales acad\u00e9micos: para autores, editores y profesores universitarios \u201d Conductores: Dr C Ra\u00fal Torricella &hellip; <a href=\"https:\/\/www.socict.org\/cuba\/2017\/01\/27\/26-feria-internacional-del-libro-la-habana-cuba-2017\/\" class=\"more-link\">Seguir leyendo <span class=\"screen-reader-text\">26 Feria Internacional del Libro La Habana CUBA 2017<\/span> <span class=\"meta-nav\">&rarr;<\/span><\/a><\/p>\n","protected":false},"author":2,"featured_media":0,"comment_status":"open","ping_status":"open","sticky":false,"template":"","format":"standard","meta":{"footnotes":""},"categories":[2],"tags":[6,7,34,12],"class_list":["post-286","post","type-post","status-publish","format-standard","hentry","category-socializacion-de-la-informacion","tag-bibliotecas-academicas","tag-bibliotecas-digitales","tag-editorial-universitaria","tag-grupo-de-interes-de-editores"],"_links":{"self":[{"href":"https:\/\/www.socict.org\/cuba\/wp-json\/wp\/v2\/posts\/286","targetHints":{"allow":["GET"]}}],"collection":[{"href":"https:\/\/www.socict.org\/cuba\/wp-json\/wp\/v2\/posts"}],"about":[{"href":"https:\/\/www.socict.org\/cuba\/wp-json\/wp\/v2\/types\/post"}],"author":[{"embeddable":true,"href":"https:\/\/www.socict.org\/cuba\/wp-json\/wp\/v2\/users\/2"}],"replies":[{"embeddable":true,"href":"https:\/\/www.socict.org\/cuba\/wp-json\/wp\/v2\/comments?post=286"}],"version-history":[{"count":5,"href":"https:\/\/www.socict.org\/cuba\/wp-json\/wp\/v2\/posts\/286\/revisions"}],"predecessor-version":[{"id":295,"href":"https:\/\/www.socict.org\/cuba\/wp-json\/wp\/v2\/posts\/286\/revisions\/295"}],"wp:attachment":[{"href":"https:\/\/www.socict.org\/cuba\/wp-json\/wp\/v2\/media?parent=286"}],"wp:term":[{"taxonomy":"category","embeddable":true,"href":"https:\/\/www.socict.org\/cuba\/wp-json\/wp\/v2\/categories?post=286"},{"taxonomy":"post_tag","embeddable":true,"href":"https:\/\/www.socict.org\/cuba\/wp-json\/wp\/v2\/tags?post=286"}],"curies":[{"name":"wp","href":"https:\/\/api.w.org\/{rel}","templated":true}]}}