{"id":258,"date":"2016-11-22T17:15:04","date_gmt":"2016-11-22T21:15:04","guid":{"rendered":"http:\/\/www.socict.org\/cuba\/?p=258"},"modified":"2016-11-22T17:35:03","modified_gmt":"2016-11-22T21:35:03","slug":"campana-de-promocion-de-la-lectoescritura-digital-en-la-ensenanza-universitaria-cubana","status":"publish","type":"post","link":"https:\/\/www.socict.org\/cuba\/2016\/11\/22\/campana-de-promocion-de-la-lectoescritura-digital-en-la-ensenanza-universitaria-cubana\/","title":{"rendered":"Campa\u00f1a de promoci\u00f3n de la lectoescritura digital en la ense\u00f1anza universitaria cubana"},"content":{"rendered":"<p class=\"western\" lang=\"es-ES\"><a href=\"http:\/\/www.socict.org\/cuba\/wp-content\/uploads\/2016\/11\/lectoescritura.jpg\"><img loading=\"lazy\" decoding=\"async\" class=\"size-medium wp-image-259 alignright\" src=\"http:\/\/www.socict.org\/cuba\/wp-content\/uploads\/2016\/11\/lectoescritura-300x79.jpg\" alt=\"lectoescritura\" width=\"300\" height=\"79\" srcset=\"https:\/\/www.socict.org\/cuba\/wp-content\/uploads\/2016\/11\/lectoescritura-300x79.jpg 300w, https:\/\/www.socict.org\/cuba\/wp-content\/uploads\/2016\/11\/lectoescritura-768x202.jpg 768w, https:\/\/www.socict.org\/cuba\/wp-content\/uploads\/2016\/11\/lectoescritura-1024x269.jpg 1024w, https:\/\/www.socict.org\/cuba\/wp-content\/uploads\/2016\/11\/lectoescritura.jpg 1800w\" sizes=\"auto, (max-width: 300px) 100vw, 300px\" \/><\/a>La <i>Sociedad <\/i><i>cubana de Ciencias <\/i><i>de <\/i><i>la <\/i><i>Informaci\u00f3n<\/i> (SOCICT), con el auspicio de la <i>Editorial Universitaria del Ministerio de Educaci\u00f3n Superior (MES) y el Departamento de Comuni<\/i><i>\u00ad<\/i><i>caci\u00f3n del MES<\/i> convocan, con el lema: \u201c<i>La Educaci\u00f3n, trinchera de la Revoluci\u00f3n<\/i>\u201d y en conmemoraci\u00f3n del 55 Aniversario de la <i>Campa\u00f1a Nacional de Alfabetizaci\u00f3n, <\/i>a la:<\/p>\n<p class=\"western\" lang=\"es-ES\">\u201c<i><strong>Campa\u00f1a de promoci\u00f3n de la lectoescritura digital en la ense\u00f1anza universitaria cubana\u00bb<\/strong>.<\/i><\/p>\n<p class=\"western\" lang=\"es-ES\" style=\"text-align: center;\"><em><strong>Del 22 de noviembre al 22 de diciembre del 2016!<\/strong><\/em><\/p>\n<p class=\"western\" lang=\"es-ES\"><strong>1.- Objetivos y beneficios<\/strong><\/p>\n<p class=\"western\" lang=\"es-ES\">La concienciaci\u00f3n de los profesores, los estudiantes, los bibliotecarios y los editores de la necesidad de promover la escritura, publicaci\u00f3n y uso de los libros digitales durante el proceso de ense\u00f1anza-aprendizaje en la educaci\u00f3n superior cubana.<\/p>\n<p class=\"western\" lang=\"es-ES\"><strong>2.- Para los lectores<\/strong><\/p>\n<ul>\n<li>\n<p class=\"western\" lang=\"es-ES\">La Editorial Universitaria divulgar\u00e1 en la Red Nacional Universitaria las siguientes colecciones de libros digitales:<\/p>\n<\/li>\n<\/ul>\n<ol>\n<ol>\n<li>\n<p class=\"western\" lang=\"es-ES\">Libros universitarios, incluye una selecci\u00f3n de libros de texto (287 libros)<\/p>\n<\/li>\n<li>\n<p class=\"western\" lang=\"es-ES\">Libros de la Editorial Universitaria del MES (324 libros)<\/p>\n<\/li>\n<li>\n<p class=\"western\" lang=\"es-ES\">Libros raros y antiguos (466 libros)<\/p>\n<\/li>\n<li>\n<p class=\"western\" lang=\"es-ES\">Libros sobre literatura universal (19,235 libros)<\/p>\n<\/li>\n<\/ol>\n<\/ol>\n<ul>\n<li>\n<p class=\"western\" lang=\"es-ES\">Las bibliotecas universitarias adscritas al MES distribuir\u00e1n las colecciones anteriores en sus intranet y brindar\u00e1n un servicio de copia bajo demanda, ya sea de t\u00edtulos individuales como de las colecciones completas.<\/p>\n<\/li>\n<li>\n<p class=\"western\" lang=\"es-ES\">Las universidades adscritas al MES distribuir\u00e1n en su intranet las anteriores colecciones.<\/p>\n<\/li>\n<\/ul>\n<p class=\"western\" lang=\"es-ES\"><strong>3.- Para los profesores y autores<br \/>\n<\/strong><\/p>\n<ul>\n<li class=\"western\" lang=\"es-ES\">La Editorial Universitaria del MES editar\u00e1 en formato ePub los primeros <i>25 Libros de Texto<\/i> que le propongan los profesores universitarios para su publicaci\u00f3n. Las propuestas de libros se entregar\u00e1n en formato word o Libre Office, con el aval de su universidad y los datos que solicita el Anexo del convenio que firma la Editorial con los autores, disponible en: <a href=\"http:\/\/eduniv.mes.edu.cu\/\">http:\/\/eduniv.mes.edu.cu<\/a><\/li>\n<\/ul>\n<p><strong>4.- Acciones destinadas a los profesionales de la informaci\u00f3n<\/strong><\/p>\n<ul>\n<li>\n<p class=\"western\" lang=\"es-ES\">Los profesionales de la inforeamci\u00f3n escribir\u00e1n y publicar\u00e1n en la EcuRed rese\u00f1as de los libros de texto escritos por los profesores de sus universidades.<\/p>\n<\/li>\n<\/ul>\n<p><strong>5.- Entrega de reconocimientos<\/strong><\/p>\n<p class=\"western\" lang=\"es-ES\">Los profesores, estudiantes, bibliotecarios y editores que m\u00e1s se destaquen en la ejecuci\u00f3n de las acciones, recibir\u00e1n como reconocimiento el pago de una cuota anual de la SOCICT.<\/p>\n","protected":false},"excerpt":{"rendered":"<p>La Sociedad cubana de Ciencias de la Informaci\u00f3n (SOCICT), con el auspicio de la Editorial Universitaria del Ministerio de Educaci\u00f3n Superior (MES) y el Departamento de Comuni\u00adcaci\u00f3n del MES convocan, con el lema: \u201cLa Educaci\u00f3n, trinchera de la Revoluci\u00f3n\u201d y en conmemoraci\u00f3n del 55 Aniversario de la Campa\u00f1a Nacional de Alfabetizaci\u00f3n, a la: \u201cCampa\u00f1a de &hellip; <a href=\"https:\/\/www.socict.org\/cuba\/2016\/11\/22\/campana-de-promocion-de-la-lectoescritura-digital-en-la-ensenanza-universitaria-cubana\/\" class=\"more-link\">Seguir leyendo <span class=\"screen-reader-text\">Campa\u00f1a de promoci\u00f3n de la lectoescritura digital en la ense\u00f1anza universitaria cubana<\/span> <span class=\"meta-nav\">&rarr;<\/span><\/a><\/p>\n","protected":false},"author":1,"featured_media":0,"comment_status":"open","ping_status":"open","sticky":false,"template":"","format":"standard","meta":{"footnotes":""},"categories":[8],"tags":[11],"class_list":["post-258","post","type-post","status-publish","format-standard","hentry","category-comunicaciones-de-la-socict","tag-premios-y-reconocimientos"],"_links":{"self":[{"href":"https:\/\/www.socict.org\/cuba\/wp-json\/wp\/v2\/posts\/258","targetHints":{"allow":["GET"]}}],"collection":[{"href":"https:\/\/www.socict.org\/cuba\/wp-json\/wp\/v2\/posts"}],"about":[{"href":"https:\/\/www.socict.org\/cuba\/wp-json\/wp\/v2\/types\/post"}],"author":[{"embeddable":true,"href":"https:\/\/www.socict.org\/cuba\/wp-json\/wp\/v2\/users\/1"}],"replies":[{"embeddable":true,"href":"https:\/\/www.socict.org\/cuba\/wp-json\/wp\/v2\/comments?post=258"}],"version-history":[{"count":4,"href":"https:\/\/www.socict.org\/cuba\/wp-json\/wp\/v2\/posts\/258\/revisions"}],"predecessor-version":[{"id":263,"href":"https:\/\/www.socict.org\/cuba\/wp-json\/wp\/v2\/posts\/258\/revisions\/263"}],"wp:attachment":[{"href":"https:\/\/www.socict.org\/cuba\/wp-json\/wp\/v2\/media?parent=258"}],"wp:term":[{"taxonomy":"category","embeddable":true,"href":"https:\/\/www.socict.org\/cuba\/wp-json\/wp\/v2\/categories?post=258"},{"taxonomy":"post_tag","embeddable":true,"href":"https:\/\/www.socict.org\/cuba\/wp-json\/wp\/v2\/tags?post=258"}],"curies":[{"name":"wp","href":"https:\/\/api.w.org\/{rel}","templated":true}]}}