{"id":254,"date":"2016-11-22T16:59:29","date_gmt":"2016-11-22T20:59:29","guid":{"rendered":"http:\/\/www.socict.org\/cuba\/?p=254"},"modified":"2016-11-24T11:46:17","modified_gmt":"2016-11-24T15:46:17","slug":"convocatoria-a-la-reunion-de-balance-de-la-socict-2016","status":"publish","type":"post","link":"https:\/\/www.socict.org\/cuba\/2016\/11\/22\/convocatoria-a-la-reunion-de-balance-de-la-socict-2016\/","title":{"rendered":"Convocatoria a la Reuni\u00f3n de Balance de la SOCICT 2016"},"content":{"rendered":"<p><a href=\"http:\/\/www.socict.org\/cuba\/wp-content\/uploads\/2016\/11\/balance.jpg\"><img loading=\"lazy\" decoding=\"async\" class=\"size-medium wp-image-255 alignleft\" src=\"http:\/\/www.socict.org\/cuba\/wp-content\/uploads\/2016\/11\/balance-300x82.jpg\" alt=\"balance\" width=\"300\" height=\"82\" srcset=\"https:\/\/www.socict.org\/cuba\/wp-content\/uploads\/2016\/11\/balance-300x82.jpg 300w, https:\/\/www.socict.org\/cuba\/wp-content\/uploads\/2016\/11\/balance-768x210.jpg 768w, https:\/\/www.socict.org\/cuba\/wp-content\/uploads\/2016\/11\/balance-1024x281.jpg 1024w, https:\/\/www.socict.org\/cuba\/wp-content\/uploads\/2016\/11\/balance.jpg 1500w\" sizes=\"auto, (max-width: 300px) 100vw, 300px\" \/><\/a>El ejecutivo de la <i><b>Sociedad cubana de Ciencias de la Informaci\u00f3n <\/b><\/i>convoca a todos los asociados a la:<\/p>\n<p>Reuni\u00f3n de Balance de la SOCICT<\/p>\n<p><b>Fecha:<\/b> 9 de diciembre a las 9:00 AM<br \/>\n<b>Lugar:<\/b> Biblioteca P\u00fablica Rub\u00e9n Mart\u00ednez Villena<br \/>\n<b>Direcci\u00f3n<\/b><b>:<\/b> Calle <a title=\"Calle Obispo\" href=\"https:\/\/www.ecured.cu\/Calle_Obispo\">Obispo<\/a> No. 59 e\/ <a title=\"Calle Oficios\" href=\"https:\/\/www.ecured.cu\/Calle_Oficios\">Oficios<\/a> y <a title=\"Calle Baratillo\" href=\"https:\/\/www.ecured.cu\/Calle_Baratillo\">Baratillo<\/a>, <a title=\"La Habana\" href=\"https:\/\/www.ecured.cu\/La_Habana\">La Habana<\/a>, Cuba<\/p>\n<p>Los esperamos!<\/p>\n","protected":false},"excerpt":{"rendered":"<p>El ejecutivo de la Sociedad cubana de Ciencias de la Informaci\u00f3n convoca a todos los asociados a la: Reuni\u00f3n de Balance de la SOCICT Fecha: 9 de diciembre a las 9:00 AM Lugar: Biblioteca P\u00fablica Rub\u00e9n Mart\u00ednez Villena Direcci\u00f3n: Calle Obispo No. 59 e\/ Oficios y Baratillo, La Habana, Cuba Los esperamos!<\/p>\n","protected":false},"author":1,"featured_media":0,"comment_status":"open","ping_status":"open","sticky":false,"template":"","format":"standard","meta":{"footnotes":""},"categories":[10],"tags":[4],"class_list":["post-254","post","type-post","status-publish","format-standard","hentry","category-comunicaciones-oficiales-de-la-socict","tag-talleres-y-reuniones"],"_links":{"self":[{"href":"https:\/\/www.socict.org\/cuba\/wp-json\/wp\/v2\/posts\/254","targetHints":{"allow":["GET"]}}],"collection":[{"href":"https:\/\/www.socict.org\/cuba\/wp-json\/wp\/v2\/posts"}],"about":[{"href":"https:\/\/www.socict.org\/cuba\/wp-json\/wp\/v2\/types\/post"}],"author":[{"embeddable":true,"href":"https:\/\/www.socict.org\/cuba\/wp-json\/wp\/v2\/users\/1"}],"replies":[{"embeddable":true,"href":"https:\/\/www.socict.org\/cuba\/wp-json\/wp\/v2\/comments?post=254"}],"version-history":[{"count":3,"href":"https:\/\/www.socict.org\/cuba\/wp-json\/wp\/v2\/posts\/254\/revisions"}],"predecessor-version":[{"id":265,"href":"https:\/\/www.socict.org\/cuba\/wp-json\/wp\/v2\/posts\/254\/revisions\/265"}],"wp:attachment":[{"href":"https:\/\/www.socict.org\/cuba\/wp-json\/wp\/v2\/media?parent=254"}],"wp:term":[{"taxonomy":"category","embeddable":true,"href":"https:\/\/www.socict.org\/cuba\/wp-json\/wp\/v2\/categories?post=254"},{"taxonomy":"post_tag","embeddable":true,"href":"https:\/\/www.socict.org\/cuba\/wp-json\/wp\/v2\/tags?post=254"}],"curies":[{"name":"wp","href":"https:\/\/api.w.org\/{rel}","templated":true}]}}