{"id":1265,"date":"2021-01-03T23:11:08","date_gmt":"2021-01-04T03:11:08","guid":{"rendered":"http:\/\/www.socict.org\/cuba\/?p=1265"},"modified":"2021-04-10T15:21:55","modified_gmt":"2021-04-10T19:21:55","slug":"eculibros-disponibles-en-la-plataforma-digital-eduniv-socict","status":"publish","type":"post","link":"https:\/\/www.socict.org\/cuba\/2021\/01\/03\/eculibros-disponibles-en-la-plataforma-digital-eduniv-socict\/","title":{"rendered":"Plataforma EDUNIV"},"content":{"rendered":"\n<p>Se trabaja en el desarrollo del portal EDUNIV <a rel=\"noreferrer noopener\" href=\"https:\/\/www.ecured.cu\/Editorial_Universitaria_(Cuba)\" target=\"_blank\">Editorial Universitaria<\/a> que estar\u00e1 diponible en la RedUniv para Todos los estudiantes universitarias a partir de mayo de 2021. Participan en este empe\u00f1o la <a rel=\"noreferrer noopener\" href=\"http:\/\/www.epfv.com.cu\/\" target=\"_blank\">Editorial F\u00e9lix Varela<\/a>, la <a rel=\"noreferrer noopener\" href=\"http:\/\/www.socict.cu\" target=\"_blank\">SOCICT<\/a> y las Editoriales Universitarias cubanas.<\/p>\n\n\n\n<p class=\"has-text-align-center\">Estar\u00e1 disponible en: http:\/\/catalogo.eduniv.cu<\/p>\n\n\n\n<p class=\"has-text-align-center\"> <img loading=\"lazy\" decoding=\"async\" width=\"500\" height=\"162\" class=\"wp-image-1285\" style=\"width: 500px;\" src=\"http:\/\/www.socict.org\/cuba\/wp-content\/uploads\/2021\/01\/eduniv-logo.png\" alt=\"\" srcset=\"https:\/\/www.socict.org\/cuba\/wp-content\/uploads\/2021\/01\/eduniv-logo.png 710w, https:\/\/www.socict.org\/cuba\/wp-content\/uploads\/2021\/01\/eduniv-logo-300x97.png 300w\" sizes=\"auto, (max-width: 500px) 100vw, 500px\" \/><\/p>\n","protected":false},"excerpt":{"rendered":"<p>Se trabaja en el desarrollo del portal EDUNIV Editorial Universitaria que estar\u00e1 diponible en la RedUniv para Todos los estudiantes universitarias a partir de mayo de 2021. Participan en este empe\u00f1o la Editorial F\u00e9lix Varela, la SOCICT y las Editoriales Universitarias cubanas. Estar\u00e1 disponible en: http:\/\/catalogo.eduniv.cu<\/p>\n","protected":false},"author":1,"featured_media":0,"comment_status":"open","ping_status":"open","sticky":false,"template":"","format":"standard","meta":{"footnotes":""},"categories":[8,40,33,101],"tags":[34,58,35,106],"class_list":["post-1265","post","type-post","status-publish","format-standard","hentry","category-comunicaciones-de-la-socict","category-noticias","category-presentacion-de-libros","category-servicios-de-avanzada","tag-editorial-universitaria","tag-elibrocuba","tag-libro-digital","tag-libros-universitarios"],"_links":{"self":[{"href":"https:\/\/www.socict.org\/cuba\/wp-json\/wp\/v2\/posts\/1265","targetHints":{"allow":["GET"]}}],"collection":[{"href":"https:\/\/www.socict.org\/cuba\/wp-json\/wp\/v2\/posts"}],"about":[{"href":"https:\/\/www.socict.org\/cuba\/wp-json\/wp\/v2\/types\/post"}],"author":[{"embeddable":true,"href":"https:\/\/www.socict.org\/cuba\/wp-json\/wp\/v2\/users\/1"}],"replies":[{"embeddable":true,"href":"https:\/\/www.socict.org\/cuba\/wp-json\/wp\/v2\/comments?post=1265"}],"version-history":[{"count":5,"href":"https:\/\/www.socict.org\/cuba\/wp-json\/wp\/v2\/posts\/1265\/revisions"}],"predecessor-version":[{"id":1286,"href":"https:\/\/www.socict.org\/cuba\/wp-json\/wp\/v2\/posts\/1265\/revisions\/1286"}],"wp:attachment":[{"href":"https:\/\/www.socict.org\/cuba\/wp-json\/wp\/v2\/media?parent=1265"}],"wp:term":[{"taxonomy":"category","embeddable":true,"href":"https:\/\/www.socict.org\/cuba\/wp-json\/wp\/v2\/categories?post=1265"},{"taxonomy":"post_tag","embeddable":true,"href":"https:\/\/www.socict.org\/cuba\/wp-json\/wp\/v2\/tags?post=1265"}],"curies":[{"name":"wp","href":"https:\/\/api.w.org\/{rel}","templated":true}]}}