{"id":1245,"date":"2020-11-11T13:27:53","date_gmt":"2020-11-11T17:27:53","guid":{"rendered":"http:\/\/www.socict.org\/cuba\/?p=1245"},"modified":"2020-11-11T13:27:53","modified_gmt":"2020-11-11T17:27:53","slug":"llegamos-al-millon-de-consultas","status":"publish","type":"post","link":"https:\/\/www.socict.org\/cuba\/2020\/11\/11\/llegamos-al-millon-de-consultas\/","title":{"rendered":"Llegamos al Mill\u00f3n de consultas"},"content":{"rendered":"\n<p>La Plataforma digital EdUniv-SOCICT alcanz\u00f3 m\u00e1s de un mill\u00f3n de consultas: <a href=\"http:\/\/catalogo.reduniv.edu.cu\/stats\/summary\" target=\"_blank\" rel=\"noreferrer noopener\">http:\/\/catalogo.reduniv.edu.cu\/stats\/summary<\/a><\/p>\n\n\n\n<figure class=\"wp-block-gallery aligncenter columns-1 is-cropped wp-block-gallery-1 is-layout-flex wp-block-gallery-is-layout-flex\"><ul class=\"blocks-gallery-grid\"><li class=\"blocks-gallery-item\"><figure><img loading=\"lazy\" decoding=\"async\" width=\"318\" height=\"159\" src=\"http:\/\/www.socict.org\/cuba\/wp-content\/uploads\/2020\/06\/images.png\" alt=\"\" data-id=\"1087\" data-full-url=\"http:\/\/www.socict.org\/cuba\/wp-content\/uploads\/2020\/06\/images.png\" data-link=\"http:\/\/www.socict.org\/cuba\/?attachment_id=1087\" class=\"wp-image-1087\" srcset=\"https:\/\/www.socict.org\/cuba\/wp-content\/uploads\/2020\/06\/images.png 318w, https:\/\/www.socict.org\/cuba\/wp-content\/uploads\/2020\/06\/images-300x150.png 300w\" sizes=\"auto, (max-width: 318px) 100vw, 318px\" \/><\/figure><\/li><\/ul><\/figure>\n","protected":false},"excerpt":{"rendered":"<p>La Plataforma digital EdUniv-SOCICT alcanz\u00f3 m\u00e1s de un mill\u00f3n de consultas: http:\/\/catalogo.reduniv.edu.cu\/stats\/summary<\/p>\n","protected":false},"author":1,"featured_media":0,"comment_status":"open","ping_status":"open","sticky":false,"template":"","format":"standard","meta":{"footnotes":""},"categories":[8],"tags":[35,98,51],"class_list":["post-1245","post","type-post","status-publish","format-standard","hentry","category-comunicaciones-de-la-socict","tag-libro-digital","tag-socializacion-del-conocimiento","tag-socict-y-los-editores"],"_links":{"self":[{"href":"https:\/\/www.socict.org\/cuba\/wp-json\/wp\/v2\/posts\/1245","targetHints":{"allow":["GET"]}}],"collection":[{"href":"https:\/\/www.socict.org\/cuba\/wp-json\/wp\/v2\/posts"}],"about":[{"href":"https:\/\/www.socict.org\/cuba\/wp-json\/wp\/v2\/types\/post"}],"author":[{"embeddable":true,"href":"https:\/\/www.socict.org\/cuba\/wp-json\/wp\/v2\/users\/1"}],"replies":[{"embeddable":true,"href":"https:\/\/www.socict.org\/cuba\/wp-json\/wp\/v2\/comments?post=1245"}],"version-history":[{"count":2,"href":"https:\/\/www.socict.org\/cuba\/wp-json\/wp\/v2\/posts\/1245\/revisions"}],"predecessor-version":[{"id":1250,"href":"https:\/\/www.socict.org\/cuba\/wp-json\/wp\/v2\/posts\/1245\/revisions\/1250"}],"wp:attachment":[{"href":"https:\/\/www.socict.org\/cuba\/wp-json\/wp\/v2\/media?parent=1245"}],"wp:term":[{"taxonomy":"category","embeddable":true,"href":"https:\/\/www.socict.org\/cuba\/wp-json\/wp\/v2\/categories?post=1245"},{"taxonomy":"post_tag","embeddable":true,"href":"https:\/\/www.socict.org\/cuba\/wp-json\/wp\/v2\/tags?post=1245"}],"curies":[{"name":"wp","href":"https:\/\/api.w.org\/{rel}","templated":true}]}}