{"id":997,"date":"2020-03-11T12:11:06","date_gmt":"2020-03-11T16:11:06","guid":{"rendered":"http:\/\/www.socict.org\/cuba\/?p=997"},"modified":"2020-03-11T12:11:06","modified_gmt":"2020-03-11T16:11:06","slug":"dia-de-la-prensa-cubana","status":"publish","type":"post","link":"http:\/\/www.socict.org\/cuba\/2020\/03\/11\/dia-de-la-prensa-cubana\/","title":{"rendered":"D\u00eda de la Prensa Cubana"},"content":{"rendered":"\n<figure class=\"wp-block-image size-full\"><img loading=\"lazy\" decoding=\"async\" width=\"195\" height=\"130\" src=\"http:\/\/www.socict.org\/cuba\/wp-content\/uploads\/2020\/03\/PATRIA.jpg\" alt=\"Peri\u00f3dico Patria\" class=\"wp-image-998\"\/><figcaption>Peri\u00f3dico fundado y dirigido por Jos\u00e9 Mart\u00ed<\/figcaption><\/figure>\n\n\n\n<p> El Peri\u00f3dico \u00ab<em>Patria<\/em>\u00bb fue fundado y dirigido por Jos\u00e9 Mart\u00ed. Su primer n\u00famero se public\u00f3 el 14 de marzo de 1892.<\/p>\n\n\n\n<p>Para honrar la fecha de aparici\u00f3n de este importante peri\u00f3dico, desde el a\u00f1o 1992 se celebra el 14 de marzo como D\u00eda de la Prensa Cubana.<\/p>\n\n\n\n<p>El Centro de Estudios Martianos realiza el Acto por el Aniversario 128 del peri\u00f3dico  \u00ab<em>Patria<\/em>\u00bb y la celebraci\u00f3n del D\u00eda de la Prensa  Cubana.  el d\u00eda: 12 de marzo a las 11:00 a.m. en el <em>Sal\u00f3n Bol\u00edvar del Centro, Centro de Estudios Martianos. <\/em> En el acto el <em>MSc.  Randy Saborit Mor<\/em>a dictar\u00e1 una conferencia magistral.<\/p>\n\n\n\n<p> <\/p>\n","protected":false},"excerpt":{"rendered":"<p>El Peri\u00f3dico \u00abPatria\u00bb fue fundado y dirigido por Jos\u00e9 Mart\u00ed. Su primer n\u00famero se public\u00f3 el 14 de marzo de 1892. Para honrar la fecha de aparici\u00f3n de este importante peri\u00f3dico, desde el a\u00f1o 1992 se celebra el 14 de marzo como D\u00eda de la Prensa Cubana. El Centro de Estudios Martianos realiza el Acto &hellip; <a href=\"http:\/\/www.socict.org\/cuba\/2020\/03\/11\/dia-de-la-prensa-cubana\/\" class=\"more-link\">Seguir leyendo <span class=\"screen-reader-text\">D\u00eda de la Prensa Cubana<\/span> <span class=\"meta-nav\">&rarr;<\/span><\/a><\/p>\n","protected":false},"author":1,"featured_media":0,"comment_status":"open","ping_status":"open","sticky":false,"template":"","format":"standard","meta":{"footnotes":""},"categories":[8],"tags":[67,51,4],"class_list":["post-997","post","type-post","status-publish","format-standard","hentry","category-comunicaciones-de-la-socict","tag-jose-marti","tag-socict-y-los-editores","tag-talleres-y-reuniones"],"_links":{"self":[{"href":"http:\/\/www.socict.org\/cuba\/wp-json\/wp\/v2\/posts\/997","targetHints":{"allow":["GET"]}}],"collection":[{"href":"http:\/\/www.socict.org\/cuba\/wp-json\/wp\/v2\/posts"}],"about":[{"href":"http:\/\/www.socict.org\/cuba\/wp-json\/wp\/v2\/types\/post"}],"author":[{"embeddable":true,"href":"http:\/\/www.socict.org\/cuba\/wp-json\/wp\/v2\/users\/1"}],"replies":[{"embeddable":true,"href":"http:\/\/www.socict.org\/cuba\/wp-json\/wp\/v2\/comments?post=997"}],"version-history":[{"count":1,"href":"http:\/\/www.socict.org\/cuba\/wp-json\/wp\/v2\/posts\/997\/revisions"}],"predecessor-version":[{"id":999,"href":"http:\/\/www.socict.org\/cuba\/wp-json\/wp\/v2\/posts\/997\/revisions\/999"}],"wp:attachment":[{"href":"http:\/\/www.socict.org\/cuba\/wp-json\/wp\/v2\/media?parent=997"}],"wp:term":[{"taxonomy":"category","embeddable":true,"href":"http:\/\/www.socict.org\/cuba\/wp-json\/wp\/v2\/categories?post=997"},{"taxonomy":"post_tag","embeddable":true,"href":"http:\/\/www.socict.org\/cuba\/wp-json\/wp\/v2\/tags?post=997"}],"curies":[{"name":"wp","href":"https:\/\/api.w.org\/{rel}","templated":true}]}}