{"id":568,"date":"2018-05-30T11:19:55","date_gmt":"2018-05-30T15:19:55","guid":{"rendered":"http:\/\/www.socict.org\/cuba\/?p=568"},"modified":"2018-05-30T11:26:54","modified_gmt":"2018-05-30T15:26:54","slug":"ciudad-educativa-historia-de-ciudad-libertad","status":"publish","type":"post","link":"http:\/\/www.socict.org\/cuba\/2018\/05\/30\/ciudad-educativa-historia-de-ciudad-libertad\/","title":{"rendered":"Ciudad Educativa: Historia de Ciudad Libertad"},"content":{"rendered":"<p><a href=\"http:\/\/www.socict.org\/cuba\/wp-content\/uploads\/2018\/05\/9781512951677.jpg\"><img loading=\"lazy\" decoding=\"async\" class=\"alignleft size-medium wp-image-569\" src=\"http:\/\/www.socict.org\/cuba\/wp-content\/uploads\/2018\/05\/9781512951677-217x300.jpg\" alt=\"\" width=\"217\" height=\"300\" srcset=\"http:\/\/www.socict.org\/cuba\/wp-content\/uploads\/2018\/05\/9781512951677-217x300.jpg 217w, http:\/\/www.socict.org\/cuba\/wp-content\/uploads\/2018\/05\/9781512951677.jpg 250w\" sizes=\"auto, (max-width: 217px) 100vw, 217px\" \/><\/a><em>Historia de Ciudad Escolar Libertad<\/em> \/ Ram\u00f3n Cu\u00e9tara L\u00f3pez. \u2013 C\u00f3rdoba : El Cid Editor, 2018. \u2013 121 p\u00e1ginas. \u2013 37 fotos a color. \u2013 \u00edndice de fotos. \u2013 5,83 por 8,27 pulgadas. \u2013 ISBN 978-1-5129-5167-7. \u2013 Colecci\u00f3n Ciudad Educativa (Historia).<\/p>\n<p>La localidad de Ciudad Libertad es una parte importante de la Historia de Cuba. Este trabajo es el resultado de 37 a\u00f1os de intensa labor en esta Ciudad Escolar, como profesor de la Universidad de Ciencias Pedag\u00f3gicas primero, y como Historiador de Ciudad Libertad, desde 1997, lo que ha dado la oportunidad excepcional de estudiar documentos, recopilar datos, consultar publicaciones del pasado y, lo m\u00e1s importante, escuchar de boca de los protagonistas, una serie de an\u00e9cdotas, historias vividas, leyendas y hasta canciones, que han permitido enriquecer este modesto empe\u00f1o.<\/p>\n<p><em><a href=\"http:\/\/www.socict.org\/cuba\/wp-content\/uploads\/2018\/05\/cuetara.jpg\"><img loading=\"lazy\" decoding=\"async\" class=\"alignleft size-full wp-image-573\" src=\"http:\/\/www.socict.org\/cuba\/wp-content\/uploads\/2018\/05\/cuetara.jpg\" alt=\"\" width=\"120\" height=\"120\" \/><\/a>Ram\u00f3n Cu\u00e9tara L\u00f3pez<\/em> (1948 \u2013 ) Profesor Titular Consultante. Doctor en Ciencias Pedag\u00f3gicas, en el Instituto Superior Pedag\u00f3gico Enrique Jos\u00e9 Varona (1998). Profesor Invitado de la Universidad Amaz\u00f3nica de Pando, Bolivia (1996). y profesor Adjunto del Instituto Pedag\u00f3gico Latinoamericano y Caribe\u00f1o (IPLAC, 1998)&#8230;<\/p>\n","protected":false},"excerpt":{"rendered":"<p>Historia de Ciudad Escolar Libertad \/ Ram\u00f3n Cu\u00e9tara L\u00f3pez. \u2013 C\u00f3rdoba : El Cid Editor, 2018. \u2013 121 p\u00e1ginas. \u2013 37 fotos a color. \u2013 \u00edndice de fotos. \u2013 5,83 por 8,27 pulgadas. \u2013 ISBN 978-1-5129-5167-7. \u2013 Colecci\u00f3n Ciudad Educativa (Historia). La localidad de Ciudad Libertad es una parte importante de la Historia de Cuba. &hellip; <a href=\"http:\/\/www.socict.org\/cuba\/2018\/05\/30\/ciudad-educativa-historia-de-ciudad-libertad\/\" class=\"more-link\">Seguir leyendo <span class=\"screen-reader-text\">Ciudad Educativa: Historia de Ciudad Libertad<\/span> <span class=\"meta-nav\">&rarr;<\/span><\/a><\/p>\n","protected":false},"author":1,"featured_media":0,"comment_status":"open","ping_status":"open","sticky":false,"template":"","format":"standard","meta":{"footnotes":""},"categories":[33,2],"tags":[34,49,12,50,35],"class_list":["post-568","post","type-post","status-publish","format-standard","hentry","category-presentacion-de-libros","category-socializacion-de-la-informacion","tag-editorial-universitaria","tag-el-cid-editor","tag-grupo-de-interes-de-editores","tag-historia-de-cuba","tag-libro-digital"],"_links":{"self":[{"href":"http:\/\/www.socict.org\/cuba\/wp-json\/wp\/v2\/posts\/568","targetHints":{"allow":["GET"]}}],"collection":[{"href":"http:\/\/www.socict.org\/cuba\/wp-json\/wp\/v2\/posts"}],"about":[{"href":"http:\/\/www.socict.org\/cuba\/wp-json\/wp\/v2\/types\/post"}],"author":[{"embeddable":true,"href":"http:\/\/www.socict.org\/cuba\/wp-json\/wp\/v2\/users\/1"}],"replies":[{"embeddable":true,"href":"http:\/\/www.socict.org\/cuba\/wp-json\/wp\/v2\/comments?post=568"}],"version-history":[{"count":3,"href":"http:\/\/www.socict.org\/cuba\/wp-json\/wp\/v2\/posts\/568\/revisions"}],"predecessor-version":[{"id":574,"href":"http:\/\/www.socict.org\/cuba\/wp-json\/wp\/v2\/posts\/568\/revisions\/574"}],"wp:attachment":[{"href":"http:\/\/www.socict.org\/cuba\/wp-json\/wp\/v2\/media?parent=568"}],"wp:term":[{"taxonomy":"category","embeddable":true,"href":"http:\/\/www.socict.org\/cuba\/wp-json\/wp\/v2\/categories?post=568"},{"taxonomy":"post_tag","embeddable":true,"href":"http:\/\/www.socict.org\/cuba\/wp-json\/wp\/v2\/tags?post=568"}],"curies":[{"name":"wp","href":"https:\/\/api.w.org\/{rel}","templated":true}]}}