{"id":565,"date":"2018-05-30T10:18:44","date_gmt":"2018-05-30T14:18:44","guid":{"rendered":"http:\/\/www.socict.org\/cuba\/?p=565"},"modified":"2018-05-30T10:18:44","modified_gmt":"2018-05-30T14:18:44","slug":"congreso-internacional-pedagogia-2019-convocatoria","status":"publish","type":"post","link":"http:\/\/www.socict.org\/cuba\/2018\/05\/30\/congreso-internacional-pedagogia-2019-convocatoria\/","title":{"rendered":"Congreso Internacional Pedagog\u00eda 2019: convocatoria"},"content":{"rendered":"<h5>La Direcci\u00f3n de Ciencia y T\u00e9cnica del Ministerio de Educaci\u00f3n invita a:<\/h5>\n<p>Participar en el Congreso Internacional Pedagog\u00eda 2019 en su decimosexta edici\u00f3n, a desarrollarse del <strong>4 al 8 de febrero de 2019.<\/strong><\/p>\n<p><span style=\"font-family: Calibri, sans-serif;\"><span style=\"font-family: Arial, sans-serif;\"><span lang=\"es-MX\">Los interesados en participar deben inscribir su trabajo <\/span><\/span><span style=\"font-family: Arial, sans-serif;\"><span lang=\"es-MX\">hasta el 29 de junio de 2018<\/span><\/span><span style=\"font-family: Arial, sans-serif;\"><span lang=\"es-MX\"> en el sitio web del Congreso <\/span><\/span><span style=\"color: #0000ff;\"><u><a class=\"western\" href=\"http:\/\/www.pedagogiacuba.com\/\"><span style=\"font-family: Arial, sans-serif;\"><span lang=\"es-MX\">www.pedagogiacuba.com<\/span><\/span><\/a><\/u><\/span><span style=\"font-family: Arial, sans-serif;\"><span lang=\"es-MX\"> o enviar a la direcci\u00f3n de correo electr\u00f3nico <\/span><\/span><span style=\"color: #0000ff;\"><u><span style=\"font-family: Arial, sans-serif;\"><span lang=\"es-MX\">Yuliannela Boza Oramas &lt;yuli@dct.rimed.cu&gt;<\/span><\/span><\/u><\/span><span style=\"font-family: Arial, sans-serif;\"><span lang=\"es-MX\">. Los trabajos aceptados se informar\u00e1n <\/span><\/span><span style=\"font-family: Arial, sans-serif;\"><span lang=\"es-MX\">antes del 6 de julio de 2018. <\/span><\/span><\/span><\/p>\n<p>Como en ediciones anteriores, se realiza un proceso nacional preparatorio que garantiza la presentaci\u00f3n de los mejores resultados de la pr\u00e1ctica educativa cubana.<\/p>\n<p>Se adjunta la convocatoria al proceso nacional preparatorio.<\/p>\n<p><span lang=\"es-MX\"><a href=\"http:\/\/www.socict.org\/cuba\/wp-content\/uploads\/2018\/05\/CONVOCATORIA-OACE-FINAL.pdf\">CONVOCATORIA OACE FINAL (Clic para descargar convocatoria)<\/a><\/span><\/p>\n<p>Agradecemos su divulgaci\u00f3n y la participaci\u00f3n en los eventos correspondientes. El evento de los OACE y Escuelas Ramales se realizar\u00e1 el<\/p>\n<p><strong>21 de julio. <\/strong><\/p>\n<p>Atentamente, Yuliannela Boza Metod\u00f3loga de la Direcci\u00f3n de Ciencia y T\u00e9cnica, MINED<\/p>\n","protected":false},"excerpt":{"rendered":"<p>La Direcci\u00f3n de Ciencia y T\u00e9cnica del Ministerio de Educaci\u00f3n invita a: Participar en el Congreso Internacional Pedagog\u00eda 2019 en su decimosexta edici\u00f3n, a desarrollarse del 4 al 8 de febrero de 2019. Los interesados en participar deben inscribir su trabajo hasta el 29 de junio de 2018 en el sitio web del Congreso www.pedagogiacuba.com &hellip; <a href=\"http:\/\/www.socict.org\/cuba\/2018\/05\/30\/congreso-internacional-pedagogia-2019-convocatoria\/\" class=\"more-link\">Seguir leyendo <span class=\"screen-reader-text\">Congreso Internacional Pedagog\u00eda 2019: convocatoria<\/span> <span class=\"meta-nav\">&rarr;<\/span><\/a><\/p>\n","protected":false},"author":1,"featured_media":0,"comment_status":"open","ping_status":"open","sticky":false,"template":"","format":"standard","meta":{"footnotes":""},"categories":[8],"tags":[32,4],"class_list":["post-565","post","type-post","status-publish","format-standard","hentry","category-comunicaciones-de-la-socict","tag-convocatoria-a-publicar","tag-talleres-y-reuniones"],"_links":{"self":[{"href":"http:\/\/www.socict.org\/cuba\/wp-json\/wp\/v2\/posts\/565","targetHints":{"allow":["GET"]}}],"collection":[{"href":"http:\/\/www.socict.org\/cuba\/wp-json\/wp\/v2\/posts"}],"about":[{"href":"http:\/\/www.socict.org\/cuba\/wp-json\/wp\/v2\/types\/post"}],"author":[{"embeddable":true,"href":"http:\/\/www.socict.org\/cuba\/wp-json\/wp\/v2\/users\/1"}],"replies":[{"embeddable":true,"href":"http:\/\/www.socict.org\/cuba\/wp-json\/wp\/v2\/comments?post=565"}],"version-history":[{"count":1,"href":"http:\/\/www.socict.org\/cuba\/wp-json\/wp\/v2\/posts\/565\/revisions"}],"predecessor-version":[{"id":567,"href":"http:\/\/www.socict.org\/cuba\/wp-json\/wp\/v2\/posts\/565\/revisions\/567"}],"wp:attachment":[{"href":"http:\/\/www.socict.org\/cuba\/wp-json\/wp\/v2\/media?parent=565"}],"wp:term":[{"taxonomy":"category","embeddable":true,"href":"http:\/\/www.socict.org\/cuba\/wp-json\/wp\/v2\/categories?post=565"},{"taxonomy":"post_tag","embeddable":true,"href":"http:\/\/www.socict.org\/cuba\/wp-json\/wp\/v2\/tags?post=565"}],"curies":[{"name":"wp","href":"https:\/\/api.w.org\/{rel}","templated":true}]}}