{"id":562,"date":"2018-05-30T09:42:52","date_gmt":"2018-05-30T13:42:52","guid":{"rendered":"http:\/\/www.socict.org\/cuba\/?p=562"},"modified":"2018-05-30T09:42:52","modified_gmt":"2018-05-30T13:42:52","slug":"fallecio-roger-de-hombre-miembro-del-tribunal-de-ciencia-de-los-alimentos","status":"publish","type":"post","link":"http:\/\/www.socict.org\/cuba\/2018\/05\/30\/fallecio-roger-de-hombre-miembro-del-tribunal-de-ciencia-de-los-alimentos\/","title":{"rendered":"Falleci\u00f3  Roger de Hombre, miembro del tribunal de Ciencia de los Alimentos"},"content":{"rendered":"<h5>Noticia enviada por Mar\u00eda Isabel Lantero: Presidenta del tribunal de Ciencia de los Alimentos<\/h5>\n<p>A continuaci\u00f3n copio el texto \u00edntegro de la nota enviada por Mar\u00eda Isabel:<\/p>\n<p>Miembros del Tribunal Nacional para la defensa del Doctorado en\u00a0 Ciencia de los Alimentos<\/p>\n<p>Queridos amigos:<\/p>\n<p>Esta vez, es una noticia triste la que nos lleva a comunicarnos. Ayer supimos del fallecimiento de nuestro compa\u00f1ero de tantos a\u00f1os, Roger de Hombre.<\/p>\n<p>Estoy convencida de que perdemos la cara m\u00e1s experta y notoria de la Reolog\u00eda en nuestro pa\u00eds. Cuando se hablaba de reolog\u00eda, texturas, propiedades f\u00edsicas, an\u00e1lisis instrumentales, era y es el nombre de Roger\u00a0 el primero que nos viene a la mente, el que nos representaba y prestigiaba con sus conocimientos, el que deja una huella en la memoria.<\/p>\n<p>Aunque tuvo muy dignos seguidores, que igual prestigian la esfera, creo que fue el primero. Todos aprendimos\u00a0 de sus conferencias y cursos, todos pudimos hablar algo del tema, sin su sapiencia, pero sin cometer errores crasos que nos enrojecieran el rostro. Los que han tenido la responsabilidad de formar profesionales en este campo, fueron, de una forma u otra, formados por Roger\u00a0 y transmisores de su\u00a0 experiencia. \u00c9l mismo mucho contribuy\u00f3 con la docencia universitaria.<\/p>\n<p>Por eso creo que le debemos reconocerle, quiz\u00e1s una vez m\u00e1s, sus aportes al conocimiento en esta rama de la Ciencia y la Tecnolog\u00eda de los Alimentos, le debemos reconocer que nos represent\u00f3 muy dignamente en los congresos y eventos de otras latitudes a los que asisti\u00f3, en los cursos que imparti\u00f3 por los mundos y en Cuba y en fin le debemos su contribuci\u00f3n a construir una imagen positiva de nuestro pa\u00eds en este mundo del\u00a0 conocimiento que\u00a0 nos ocupa.<\/p>\n<p>Segura de que reflejo el sentir de todos ustedes, miembros del Tribunal Nacional, quisiera hacer patente este humilde reconocimiento, que es el que queda en el sentir sincero de nuestro colectivo y transmito a sus compa\u00f1eros de trabajo y familia, nuestro pesar y condolencias.<\/p>\n<p>Reciban todos un fuerte abrazo<\/p>\n<p>&nbsp;<\/p>\n<p>Ma. Isabel Lantero<\/p>\n<p>Presidente Tribunal<\/p>\n<p>8 de Mayo de 2018<\/p>\n","protected":false},"excerpt":{"rendered":"<p>Noticia enviada por Mar\u00eda Isabel Lantero: Presidenta del tribunal de Ciencia de los Alimentos A continuaci\u00f3n copio el texto \u00edntegro de la nota enviada por Mar\u00eda Isabel: Miembros del Tribunal Nacional para la defensa del Doctorado en\u00a0 Ciencia de los Alimentos Queridos amigos: Esta vez, es una noticia triste la que nos lleva a comunicarnos. &hellip; <a href=\"http:\/\/www.socict.org\/cuba\/2018\/05\/30\/fallecio-roger-de-hombre-miembro-del-tribunal-de-ciencia-de-los-alimentos\/\" class=\"more-link\">Seguir leyendo <span class=\"screen-reader-text\">Falleci\u00f3  Roger de Hombre, miembro del tribunal de Ciencia de los Alimentos<\/span> <span class=\"meta-nav\">&rarr;<\/span><\/a><\/p>\n","protected":false},"author":1,"featured_media":0,"comment_status":"open","ping_status":"open","sticky":false,"template":"","format":"standard","meta":{"footnotes":""},"categories":[40],"tags":[48,47,46],"class_list":["post-562","post","type-post","status-publish","format-standard","hentry","category-noticias","tag-ciencia-de-los-alimentos","tag-cientificos-destacados","tag-nota-funebre"],"_links":{"self":[{"href":"http:\/\/www.socict.org\/cuba\/wp-json\/wp\/v2\/posts\/562","targetHints":{"allow":["GET"]}}],"collection":[{"href":"http:\/\/www.socict.org\/cuba\/wp-json\/wp\/v2\/posts"}],"about":[{"href":"http:\/\/www.socict.org\/cuba\/wp-json\/wp\/v2\/types\/post"}],"author":[{"embeddable":true,"href":"http:\/\/www.socict.org\/cuba\/wp-json\/wp\/v2\/users\/1"}],"replies":[{"embeddable":true,"href":"http:\/\/www.socict.org\/cuba\/wp-json\/wp\/v2\/comments?post=562"}],"version-history":[{"count":2,"href":"http:\/\/www.socict.org\/cuba\/wp-json\/wp\/v2\/posts\/562\/revisions"}],"predecessor-version":[{"id":564,"href":"http:\/\/www.socict.org\/cuba\/wp-json\/wp\/v2\/posts\/562\/revisions\/564"}],"wp:attachment":[{"href":"http:\/\/www.socict.org\/cuba\/wp-json\/wp\/v2\/media?parent=562"}],"wp:term":[{"taxonomy":"category","embeddable":true,"href":"http:\/\/www.socict.org\/cuba\/wp-json\/wp\/v2\/categories?post=562"},{"taxonomy":"post_tag","embeddable":true,"href":"http:\/\/www.socict.org\/cuba\/wp-json\/wp\/v2\/tags?post=562"}],"curies":[{"name":"wp","href":"https:\/\/api.w.org\/{rel}","templated":true}]}}