{"id":547,"date":"2018-03-23T08:48:21","date_gmt":"2018-03-23T12:48:21","guid":{"rendered":"http:\/\/www.socict.org\/cuba\/?p=547"},"modified":"2018-03-23T08:48:21","modified_gmt":"2018-03-23T12:48:21","slug":"participa-la-socict-en-la-convencion-de-la-ciencia","status":"publish","type":"post","link":"http:\/\/www.socict.org\/cuba\/2018\/03\/23\/participa-la-socict-en-la-convencion-de-la-ciencia\/","title":{"rendered":"Participa la SOCICT en la Convenci\u00f3n de la Ciencia"},"content":{"rendered":"<h3><a href=\"http:\/\/www.socict.org\/cuba\/wp-content\/uploads\/2018\/03\/IMG_20180308_165736.jpg\"><img loading=\"lazy\" decoding=\"async\" class=\"alignleft size-medium wp-image-542\" src=\"http:\/\/www.socict.org\/cuba\/wp-content\/uploads\/2018\/03\/IMG_20180308_165736-300x186.jpg\" alt=\"\" width=\"300\" height=\"186\" srcset=\"http:\/\/www.socict.org\/cuba\/wp-content\/uploads\/2018\/03\/IMG_20180308_165736-300x186.jpg 300w, http:\/\/www.socict.org\/cuba\/wp-content\/uploads\/2018\/03\/IMG_20180308_165736-768x476.jpg 768w, http:\/\/www.socict.org\/cuba\/wp-content\/uploads\/2018\/03\/IMG_20180308_165736.jpg 1000w\" sizes=\"auto, (max-width: 300px) 100vw, 300px\" \/><\/a>Stand de la SOCICT<\/h3>\n<p>Durante la <a href=\"http:\/\/www.convencioncienciacuba.cu\/\">Convenci\u00f3n Internacional de la Ciencia , <\/a>del 5 al 9 de marzo, la SOCICT\u00a0 present\u00f3 la LiberTheka: biblioteca digital acad\u00e9mica para acceso local, con m\u00e1s de 800 libros, fundamentalmente de editoriales acad\u00e9micas.<\/p>\n<p>El Banco Central de Cuba (BCC) don\u00f3 a la SOCICT la obra: <em>Cuba: a country and its currency\u00a0<\/em>elaborado por el Museo Numism\u00e1tico de Cuba que incluye los textos de Manual Moreno Fraginals y Jos\u00e9 A. Pulido Ledesma y numerosas fotograf\u00edas de Martin Moestier.<\/p>\n<p>El libro est\u00e1 disponible para su consulta por los asociados de la SOCICT, de manera provisional, en la sede de la Editorial Universitaria del Ministerio de Educaci\u00f3n Supeiror, sita en 23 esq. F, el Vedado.<\/p>\n","protected":false},"excerpt":{"rendered":"<p>Stand de la SOCICT Durante la Convenci\u00f3n Internacional de la Ciencia , del 5 al 9 de marzo, la SOCICT\u00a0 present\u00f3 la LiberTheka: biblioteca digital acad\u00e9mica para acceso local, con m\u00e1s de 800 libros, fundamentalmente de editoriales acad\u00e9micas. El Banco Central de Cuba (BCC) don\u00f3 a la SOCICT la obra: Cuba: a country and its &hellip; <a href=\"http:\/\/www.socict.org\/cuba\/2018\/03\/23\/participa-la-socict-en-la-convencion-de-la-ciencia\/\" class=\"more-link\">Seguir leyendo <span class=\"screen-reader-text\">Participa la SOCICT en la Convenci\u00f3n de la Ciencia<\/span> <span class=\"meta-nav\">&rarr;<\/span><\/a><\/p>\n","protected":false},"author":1,"featured_media":0,"comment_status":"open","ping_status":"open","sticky":false,"template":"","format":"standard","meta":{"footnotes":""},"categories":[10],"tags":[22],"class_list":["post-547","post","type-post","status-publish","format-standard","hentry","category-comunicaciones-oficiales-de-la-socict","tag-novedades-bibliotecologia"],"_links":{"self":[{"href":"http:\/\/www.socict.org\/cuba\/wp-json\/wp\/v2\/posts\/547","targetHints":{"allow":["GET"]}}],"collection":[{"href":"http:\/\/www.socict.org\/cuba\/wp-json\/wp\/v2\/posts"}],"about":[{"href":"http:\/\/www.socict.org\/cuba\/wp-json\/wp\/v2\/types\/post"}],"author":[{"embeddable":true,"href":"http:\/\/www.socict.org\/cuba\/wp-json\/wp\/v2\/users\/1"}],"replies":[{"embeddable":true,"href":"http:\/\/www.socict.org\/cuba\/wp-json\/wp\/v2\/comments?post=547"}],"version-history":[{"count":2,"href":"http:\/\/www.socict.org\/cuba\/wp-json\/wp\/v2\/posts\/547\/revisions"}],"predecessor-version":[{"id":550,"href":"http:\/\/www.socict.org\/cuba\/wp-json\/wp\/v2\/posts\/547\/revisions\/550"}],"wp:attachment":[{"href":"http:\/\/www.socict.org\/cuba\/wp-json\/wp\/v2\/media?parent=547"}],"wp:term":[{"taxonomy":"category","embeddable":true,"href":"http:\/\/www.socict.org\/cuba\/wp-json\/wp\/v2\/categories?post=547"},{"taxonomy":"post_tag","embeddable":true,"href":"http:\/\/www.socict.org\/cuba\/wp-json\/wp\/v2\/tags?post=547"}],"curies":[{"name":"wp","href":"https:\/\/api.w.org\/{rel}","templated":true}]}}