{"id":539,"date":"2018-03-23T08:27:29","date_gmt":"2018-03-23T12:27:29","guid":{"rendered":"http:\/\/www.socict.org\/cuba\/?p=539"},"modified":"2019-04-28T20:32:35","modified_gmt":"2019-04-29T00:32:35","slug":"actualizada-la-biblioteca-digital-reduniv-en-aa","status":"publish","type":"post","link":"http:\/\/www.socict.org\/cuba\/2018\/03\/23\/actualizada-la-biblioteca-digital-reduniv-en-aa\/","title":{"rendered":"Se presenta la LiberTheka"},"content":{"rendered":"<p><a href=\"http:\/\/www.socict.org\/cuba\/wp-content\/uploads\/2018\/03\/IMG_20180308_143229.jpg\"><img loading=\"lazy\" decoding=\"async\" class=\"alignleft size-medium wp-image-540\" src=\"http:\/\/www.socict.org\/cuba\/wp-content\/uploads\/2018\/03\/IMG_20180308_143229-300x231.jpg\" alt=\"\" width=\"300\" height=\"231\" srcset=\"http:\/\/www.socict.org\/cuba\/wp-content\/uploads\/2018\/03\/IMG_20180308_143229-300x231.jpg 300w, http:\/\/www.socict.org\/cuba\/wp-content\/uploads\/2018\/03\/IMG_20180308_143229-768x591.jpg 768w, http:\/\/www.socict.org\/cuba\/wp-content\/uploads\/2018\/03\/IMG_20180308_143229.jpg 1000w\" sizes=\"auto, (max-width: 300px) 100vw, 300px\" \/><\/a> Disponible en la direcci\u00f3n<\/p>\n<p><a href=\"http:\/\/beduniv.reduniv.edu.cu\/\">http:\/\/beduniv.reduniv.edu.cu\/<\/a><\/p>\n<p>la Biblioteca digital RedUniv en Acceso abierto.<\/p>\n<p>Como novedad se presenta la LiberTheka, modalidad para la distribuci\u00f3n de libros acad\u00e9micos digitales, en ambientes con poca o sin conectividad, para las instituciones acad\u00e9micas cubanas.<\/p>\n<p>&nbsp;<\/p>\n","protected":false},"excerpt":{"rendered":"<p>Disponible en la direcci\u00f3n http:\/\/beduniv.reduniv.edu.cu\/ la Biblioteca digital RedUniv en Acceso abierto. Como novedad se presenta la LiberTheka, modalidad para la distribuci\u00f3n de libros acad\u00e9micos digitales, en ambientes con poca o sin conectividad, para las instituciones acad\u00e9micas cubanas. &nbsp;<\/p>\n","protected":false},"author":1,"featured_media":0,"comment_status":"open","ping_status":"open","sticky":false,"template":"","format":"standard","meta":{"footnotes":""},"categories":[21,8],"tags":[6,22],"class_list":["post-539","post","type-post","status-publish","format-standard","hentry","category-bibliotecologia","category-comunicaciones-de-la-socict","tag-bibliotecas-academicas","tag-novedades-bibliotecologia"],"_links":{"self":[{"href":"http:\/\/www.socict.org\/cuba\/wp-json\/wp\/v2\/posts\/539","targetHints":{"allow":["GET"]}}],"collection":[{"href":"http:\/\/www.socict.org\/cuba\/wp-json\/wp\/v2\/posts"}],"about":[{"href":"http:\/\/www.socict.org\/cuba\/wp-json\/wp\/v2\/types\/post"}],"author":[{"embeddable":true,"href":"http:\/\/www.socict.org\/cuba\/wp-json\/wp\/v2\/users\/1"}],"replies":[{"embeddable":true,"href":"http:\/\/www.socict.org\/cuba\/wp-json\/wp\/v2\/comments?post=539"}],"version-history":[{"count":3,"href":"http:\/\/www.socict.org\/cuba\/wp-json\/wp\/v2\/posts\/539\/revisions"}],"predecessor-version":[{"id":832,"href":"http:\/\/www.socict.org\/cuba\/wp-json\/wp\/v2\/posts\/539\/revisions\/832"}],"wp:attachment":[{"href":"http:\/\/www.socict.org\/cuba\/wp-json\/wp\/v2\/media?parent=539"}],"wp:term":[{"taxonomy":"category","embeddable":true,"href":"http:\/\/www.socict.org\/cuba\/wp-json\/wp\/v2\/categories?post=539"},{"taxonomy":"post_tag","embeddable":true,"href":"http:\/\/www.socict.org\/cuba\/wp-json\/wp\/v2\/tags?post=539"}],"curies":[{"name":"wp","href":"https:\/\/api.w.org\/{rel}","templated":true}]}}