{"id":525,"date":"2018-02-16T15:30:40","date_gmt":"2018-02-16T19:30:40","guid":{"rendered":"http:\/\/www.socict.org\/cuba\/?p=525"},"modified":"2018-02-16T15:32:14","modified_gmt":"2018-02-16T19:32:14","slug":"premio-wally-en-la-27-feria-del-libro-fil-2018","status":"publish","type":"post","link":"http:\/\/www.socict.org\/cuba\/2018\/02\/16\/premio-wally-en-la-27-feria-del-libro-fil-2018\/","title":{"rendered":"\u201cPremio Wally\u00bb en la 27 Feria del Libro (FIL 2018)."},"content":{"rendered":"<p align=\"justify\"><a href=\"http:\/\/www.socict.org\/cuba\/wp-content\/uploads\/2018\/02\/Enrique-Eduniv-1.jpg\"><img loading=\"lazy\" decoding=\"async\" class=\"alignnone size-medium wp-image-526\" src=\"http:\/\/www.socict.org\/cuba\/wp-content\/uploads\/2018\/02\/Enrique-Eduniv-1-300x206.jpg\" alt=\"\" width=\"300\" height=\"206\" srcset=\"http:\/\/www.socict.org\/cuba\/wp-content\/uploads\/2018\/02\/Enrique-Eduniv-1-300x206.jpg 300w, http:\/\/www.socict.org\/cuba\/wp-content\/uploads\/2018\/02\/Enrique-Eduniv-1-768x527.jpg 768w, http:\/\/www.socict.org\/cuba\/wp-content\/uploads\/2018\/02\/Enrique-Eduniv-1-1024x702.jpg 1024w, http:\/\/www.socict.org\/cuba\/wp-content\/uploads\/2018\/02\/Enrique-Eduniv-1.jpg 1200w\" sizes=\"auto, (max-width: 300px) 100vw, 300px\" \/><\/a><\/p>\n<p class=\"western\" align=\"justify\">El mi\u00e9rcoles 7 de febrero en el Stand de la Direcci\u00f3n de Publicaciones Seriadas se presentaron los ganadores del \u00abPremio Wally\u00bb que otorga la Sociedad Cubana de Ciencias de la Informaci\u00f3n a las instituciones cubanas que hayan contribu\u00eddo de forma significativa a la socializaci\u00f3n del conocimiento en la Plataforma Acad\u00e9mica Interactiva e-Libro.com.<\/p>\n<p class=\"western\" align=\"justify\">En esta cuarta edici\u00f3n (en las tres anteriores se entreg\u00f3 el premio a autores personales) recibieron el premio la Secci\u00f3n de Editores de la Sociedad Cubana de Ciencias de la Informaci\u00f3n y la Editorial Universitaria F\u00e9lix Varela.<\/p>\n<p class=\"western\" align=\"justify\">La empresa canadiense ISOLTEC, CORP. auspicia el premio, su Director ejecutivo entrega los premios al Dr. C. Jorge Luis L\u00f3pez Presmanes, Director de la Red Nacional Universitaria y a Frank Gonzalez, por la Editorial F\u00e9lix Varera y la SOCICT respectivamente.<\/p>\n<p align=\"justify\">\n<p class=\"western\">\n","protected":false},"excerpt":{"rendered":"<p>El mi\u00e9rcoles 7 de febrero en el Stand de la Direcci\u00f3n de Publicaciones Seriadas se presentaron los ganadores del \u00abPremio Wally\u00bb que otorga la Sociedad Cubana de Ciencias de la Informaci\u00f3n a las instituciones cubanas que hayan contribu\u00eddo de forma significativa a la socializaci\u00f3n del conocimiento en la Plataforma Acad\u00e9mica Interactiva e-Libro.com. En esta cuarta &hellip; <a href=\"http:\/\/www.socict.org\/cuba\/2018\/02\/16\/premio-wally-en-la-27-feria-del-libro-fil-2018\/\" class=\"more-link\">Seguir leyendo <span class=\"screen-reader-text\">\u201cPremio Wally\u00bb en la 27 Feria del Libro (FIL 2018).<\/span> <span class=\"meta-nav\">&rarr;<\/span><\/a><\/p>\n","protected":false},"author":15,"featured_media":0,"comment_status":"open","ping_status":"open","sticky":false,"template":"","format":"standard","meta":{"footnotes":""},"categories":[21],"tags":[],"class_list":["post-525","post","type-post","status-publish","format-standard","hentry","category-bibliotecologia"],"_links":{"self":[{"href":"http:\/\/www.socict.org\/cuba\/wp-json\/wp\/v2\/posts\/525","targetHints":{"allow":["GET"]}}],"collection":[{"href":"http:\/\/www.socict.org\/cuba\/wp-json\/wp\/v2\/posts"}],"about":[{"href":"http:\/\/www.socict.org\/cuba\/wp-json\/wp\/v2\/types\/post"}],"author":[{"embeddable":true,"href":"http:\/\/www.socict.org\/cuba\/wp-json\/wp\/v2\/users\/15"}],"replies":[{"embeddable":true,"href":"http:\/\/www.socict.org\/cuba\/wp-json\/wp\/v2\/comments?post=525"}],"version-history":[{"count":3,"href":"http:\/\/www.socict.org\/cuba\/wp-json\/wp\/v2\/posts\/525\/revisions"}],"predecessor-version":[{"id":713,"href":"http:\/\/www.socict.org\/cuba\/wp-json\/wp\/v2\/posts\/525\/revisions\/713"}],"wp:attachment":[{"href":"http:\/\/www.socict.org\/cuba\/wp-json\/wp\/v2\/media?parent=525"}],"wp:term":[{"taxonomy":"category","embeddable":true,"href":"http:\/\/www.socict.org\/cuba\/wp-json\/wp\/v2\/categories?post=525"},{"taxonomy":"post_tag","embeddable":true,"href":"http:\/\/www.socict.org\/cuba\/wp-json\/wp\/v2\/tags?post=525"}],"curies":[{"name":"wp","href":"https:\/\/api.w.org\/{rel}","templated":true}]}}