{"id":521,"date":"2018-02-16T07:53:25","date_gmt":"2018-02-16T11:53:25","guid":{"rendered":"http:\/\/www.socict.org\/cuba\/?p=521"},"modified":"2018-02-16T07:53:25","modified_gmt":"2018-02-16T11:53:25","slug":"superacion-profesional-mover-ideas-y-avanzar-mas","status":"publish","type":"post","link":"http:\/\/www.socict.org\/cuba\/2018\/02\/16\/superacion-profesional-mover-ideas-y-avanzar-mas\/","title":{"rendered":"Superaci\u00f3n profesional: mover ideas y avanzar m\u00e1s"},"content":{"rendered":"<h2>Superaci\u00f3n profesional: mover ideas y avanzar m\u00e1s<a href=\"http:\/\/www.socict.org\/cuba\/wp-content\/uploads\/2018\/02\/Torri-e-Libro-5.jpg\"><img loading=\"lazy\" decoding=\"async\" class=\"alignleft size-medium wp-image-520\" src=\"http:\/\/www.socict.org\/cuba\/wp-content\/uploads\/2018\/02\/Torri-e-Libro-5-300x206.jpg\" alt=\"\" width=\"300\" height=\"206\" srcset=\"http:\/\/www.socict.org\/cuba\/wp-content\/uploads\/2018\/02\/Torri-e-Libro-5-300x206.jpg 300w, http:\/\/www.socict.org\/cuba\/wp-content\/uploads\/2018\/02\/Torri-e-Libro-5-768x526.jpg 768w, http:\/\/www.socict.org\/cuba\/wp-content\/uploads\/2018\/02\/Torri-e-Libro-5.jpg 1000w\" sizes=\"auto, (max-width: 300px) 100vw, 300px\" \/><\/a><\/h2>\n<p>El libro \u201cLa superaci\u00f3n profesional: mover ideas y avanzar m\u00e1s\u201d constituye una obra de consulta para todos aquellos profesores, tutores y directivos que se dedican a esta vertiente del posgrado en nuestro pa\u00eds. En el texto se tratan aspectos relacionados con la superaci\u00f3n profesional en Cuba; se analizan sus caracter\u00edsticas, concepci\u00f3n pedag\u00f3gica, las tareas docentes, el aprendizaje colaborativo, el curso y el entrenamiento, \u00e9ste \u00faltimo con especial \u00e9nfasis a trav\u00e9s de ejemplos concretos, entre otros temas de inter\u00e9s para las universidades, entidades de ciencia, tecnolog\u00eda e innovaci\u00f3n y centros autorizados a desarrollar superaci\u00f3n profesional.<\/p>\n<p><strong><em>Disponible en la plataforma acad\u00e9mica interactiva e-Libro.com<\/em><\/strong><\/p>\n<p>&nbsp;<\/p>\n<p>&nbsp;<\/p>\n","protected":false},"excerpt":{"rendered":"<p>Superaci\u00f3n profesional: mover ideas y avanzar m\u00e1s El libro \u201cLa superaci\u00f3n profesional: mover ideas y avanzar m\u00e1s\u201d constituye una obra de consulta para todos aquellos profesores, tutores y directivos que se dedican a esta vertiente del posgrado en nuestro pa\u00eds. En el texto se tratan aspectos relacionados con la superaci\u00f3n profesional en Cuba; se analizan &hellip; <a href=\"http:\/\/www.socict.org\/cuba\/2018\/02\/16\/superacion-profesional-mover-ideas-y-avanzar-mas\/\" class=\"more-link\">Seguir leyendo <span class=\"screen-reader-text\">Superaci\u00f3n profesional: mover ideas y avanzar m\u00e1s<\/span> <span class=\"meta-nav\">&rarr;<\/span><\/a><\/p>\n","protected":false},"author":1,"featured_media":0,"comment_status":"open","ping_status":"open","sticky":false,"template":"","format":"standard","meta":{"footnotes":""},"categories":[8],"tags":[6,34,12],"class_list":["post-521","post","type-post","status-publish","format-standard","hentry","category-comunicaciones-de-la-socict","tag-bibliotecas-academicas","tag-editorial-universitaria","tag-grupo-de-interes-de-editores"],"_links":{"self":[{"href":"http:\/\/www.socict.org\/cuba\/wp-json\/wp\/v2\/posts\/521","targetHints":{"allow":["GET"]}}],"collection":[{"href":"http:\/\/www.socict.org\/cuba\/wp-json\/wp\/v2\/posts"}],"about":[{"href":"http:\/\/www.socict.org\/cuba\/wp-json\/wp\/v2\/types\/post"}],"author":[{"embeddable":true,"href":"http:\/\/www.socict.org\/cuba\/wp-json\/wp\/v2\/users\/1"}],"replies":[{"embeddable":true,"href":"http:\/\/www.socict.org\/cuba\/wp-json\/wp\/v2\/comments?post=521"}],"version-history":[{"count":2,"href":"http:\/\/www.socict.org\/cuba\/wp-json\/wp\/v2\/posts\/521\/revisions"}],"predecessor-version":[{"id":523,"href":"http:\/\/www.socict.org\/cuba\/wp-json\/wp\/v2\/posts\/521\/revisions\/523"}],"wp:attachment":[{"href":"http:\/\/www.socict.org\/cuba\/wp-json\/wp\/v2\/media?parent=521"}],"wp:term":[{"taxonomy":"category","embeddable":true,"href":"http:\/\/www.socict.org\/cuba\/wp-json\/wp\/v2\/categories?post=521"},{"taxonomy":"post_tag","embeddable":true,"href":"http:\/\/www.socict.org\/cuba\/wp-json\/wp\/v2\/tags?post=521"}],"curies":[{"name":"wp","href":"https:\/\/api.w.org\/{rel}","templated":true}]}}