{"id":408,"date":"2017-08-07T00:54:38","date_gmt":"2017-08-07T04:54:38","guid":{"rendered":"http:\/\/www.socict.org\/cuba\/?p=408"},"modified":"2017-08-07T01:02:05","modified_gmt":"2017-08-07T05:02:05","slug":"novedades-en-la-biblioteca-reduniv-en-acceso-abierto","status":"publish","type":"post","link":"http:\/\/www.socict.org\/cuba\/2017\/08\/07\/novedades-en-la-biblioteca-reduniv-en-acceso-abierto\/","title":{"rendered":"Novedades en la Biblioteca RedUniv"},"content":{"rendered":"<h3>Referencias bibliogr\u00e1ficas<\/h3>\n<ul>\n<li class=\"csl-entry\">Camaraza Medina, Y. (2017). <i>Introducci\u00f3n a la termotransferencia<\/i>. La Habana: Editorial Universitaria. Recuperado a partir de <a href=\"http:\/\/beduniv.mes.edu.cu\/index.php?page=13&amp;id=444&amp;db=0\">http:\/\/beduniv.mes.edu.cu\/index.php?page=13&amp;id=444&amp;db=0 <\/a><\/li>\n<li>Cantillo Quintero, A., &amp; Turro Breff, A. (2017). <i>Oratoria con visi\u00f3n de futuro: discursos del Rector de la Universidad de Guant\u00e1namo (2014-2017)<\/i>. La Habana: Editorial Universitaria. Recuperado a partir de <a href=\"http:\/\/beduniv.mes.edu.cu\/index.php?page=13&amp;id=443&amp;db=0\">http:\/\/beduniv.mes.edu.cu\/index.php?page=13&amp;id=443&amp;db=0<\/a><\/li>\n<li class=\"csl-entry\">Fresno Ch\u00e1vez, C. (2017). <i>La Formaci\u00f3n de Valores: reto del siglo XXI<\/i>. La Habana: Editorial Universitaria. Recuperado a partir de <a href=\"http:\/\/beduniv.mes.edu.cu\/index.php?page=13&amp;id=440&amp;db=0\">http:\/\/beduniv.mes.edu.cu\/index.php?page=13&amp;id=440&amp;db=0<\/a><\/li>\n<li>Leyva Maestre, Y., C\u00e1rdenas, M. K., &amp; Licea Jim\u00e9nez, I. (2017). <i>Mujeres en desarrollo: gu\u00eda metodol\u00f3gica para la formaci\u00f3n de competencias info-comunicativas para el emprendimiento femenino<\/i>. La Habana: Editorial Universitaria. Recuperado a partir de <a href=\"http:\/\/beduniv.mes.edu.cu\/index.php?page=13&amp;id=173&amp;db=0\">http:\/\/beduniv.mes.edu.cu\/index.php?page=13&amp;id=173&amp;db=0<\/a><\/li>\n<li class=\"csl-entry\">Ortiz Garc\u00eda, M., Vicedo Tomey, A. G., &amp; Cires Reyes, E. (2017). <i>Curso corto 2012. Identificacion y normalizacion de competencias profesionales en el sector de la salud &#8211; Ortiz Garcia, Martha &amp; Vicedo-Tomey, Agustin Guillermo &amp; Cires Reyes, Estrella &amp; Bernaza Rodriguez, Guillermo Jesus (Editor)<\/i>. La Habana: Editorial Universitaria. Recuperado a partir de <a href=\"http:\/\/beduniv.mes.edu.cu\/index.php?page=13&amp;id=342&amp;db=0\">http:\/\/beduniv.mes.edu.cu\/index.php?page=13&amp;id=342&amp;db=0<\/a><\/li>\n<li class=\"csl-entry\">Padr\u00f3n, F. (2017). <i>El Cocinero, el summelier, el ladr\u00f3n y su(s) amante(s)<\/i>. La Habana: Editorial Universitaria. Recuperado a partir de <a href=\"http:\/\/beduniv.mes.edu.cu\/index.php?page=13&amp;id=377&amp;db=0\">http:\/\/beduniv.mes.edu.cu\/index.php?page=13&amp;id=377&amp;db=0<\/a><\/li>\n<li class=\"csl-entry\">P\u00e9rez Morales, K. (2017). <i>La formaci\u00f3n humanista de estudiantes de Ciencias M\u00e9dicas, un reto para los docentes: el trabajo de formaci\u00f3n humanista de estudiantes de pregrado de la facultad \u201cVictoria de Gir\u00f3n\u201d<\/i>. La Habana: Editorial Universitaria. Recuperado a partir de <a href=\"http:\/\/beduniv.mes.edu.cu\/index.php?page=13&amp;id=251&amp;db=0\">http:\/\/beduniv.mes.edu.cu\/index.php?page=13&amp;id=251&amp;db=0<\/a><\/li>\n<li class=\"csl-entry\">P\u00e9rez Morera, L. (2017). <i>Las pasiones y el sue\\\u00f1o de la Avellaneda<\/i>. La Habana: Editorial Universitaria. Recuperado a partir de <a href=\"http:\/\/beduniv.mes.edu.cu\/index.php?page=13&amp;id=156&amp;db=0\">http:\/\/beduniv.mes.edu.cu\/index.php?page=13&amp;id=156&amp;db=0<\/a><\/li>\n<li class=\"csl-entry\">P\u00e9rez Velazquez, L., &amp; Mondelo Concepci\u00f3n, J. W. (2017). <i>Reflexiones cr\u00edticas acerca de las categor\u00edas cultura, pol\u00edtica cultural, desarrollo cultural y del partido ortodoxo<\/i>. La Habana: Editorial Universitaria. Recuperado a partir de <a href=\"http:\/\/beduniv.mes.edu.cu\/index.php?page=13&amp;id=442&amp;db=0\">http:\/\/beduniv.mes.edu.cu\/index.php?page=13&amp;id=442&amp;db=0<\/a><\/li>\n<li class=\"csl-entry\">Tabares Neyra, L. M., P\u00e9rez Cuevas, C. M., P\u00e9rez Cuevas, A., &amp; Guti\u00e9rrez Echevarr\u00eda, K. (2017). <i>Una propuesta de sistema organizativo para la gesti\u00f3n econ\u00f3mico financiera universitaria en Cuba<\/i>. La Habana: Editorial Universitaria. Recuperado a partir de <a href=\"http:\/\/beduniv.mes.edu.cu\/index.php?page=13&amp;id=450&amp;db=0\">http:\/\/beduniv.mes.edu.cu\/index.php?page=13&amp;id=450&amp;db=0<\/a><\/li>\n<li class=\"csl-entry\">Torricella Morales, R. G., Lee Tenorio, F., L\u00f3pez Presmanes, J. L., &amp; Velazco, C. (2017). <i>Gu\u00eda metodol\u00f3gica: para crear y mantener bibliotecas digitales universitariap<\/i>. La Habana: Editorial Universitaria. Recuperado a partir de <a href=\"http:\/\/beduniv.mes.edu.cu\/index.php?page=13&amp;id=447&amp;db=0\">http:\/\/beduniv.mes.edu.cu\/index.php?page=13&amp;id=447&amp;db=0<\/a><\/li>\n<li class=\"csl-entry\">VV.AA. (2017). <i>Administraci\u00f3n P\u00fablica: conceptos y realidades<\/i>. La Habana: Editorial Universitaria. Recuperado a partir de <a href=\"http:\/\/beduniv.mes.edu.cu\/index.php?page=13&amp;id=438&amp;db=0\">http:\/\/beduniv.mes.edu.cu\/index.php?page=13&amp;id=438&amp;db=0<\/a><\/li>\n<\/ul>\n<p>Biblioteca RedUniv disponible en: <a href=\"http:\/\/beduniv.mes.edu.cu\">http:\/\/beduniv.mes.edu.cu<\/a><\/p>\n<p>Descripci\u00f3n en <a href=\"https:\/\/www.ecured.cu\/Biblioteca_RedUniv_en_Acceso_Abierto\">https:\/\/www.ecured.cu\/Biblioteca_RedUniv_en_Acceso_Abierto<\/a><\/p>\n<p>&nbsp;<\/p>\n","protected":false},"excerpt":{"rendered":"<p>Referencias bibliogr\u00e1ficas Camaraza Medina, Y. (2017). Introducci\u00f3n a la termotransferencia. La Habana: Editorial Universitaria. Recuperado a partir de http:\/\/beduniv.mes.edu.cu\/index.php?page=13&amp;id=444&amp;db=0 Cantillo Quintero, A., &amp; Turro Breff, A. (2017). Oratoria con visi\u00f3n de futuro: discursos del Rector de la Universidad de Guant\u00e1namo (2014-2017). La Habana: Editorial Universitaria. Recuperado a partir de http:\/\/beduniv.mes.edu.cu\/index.php?page=13&amp;id=443&amp;db=0 Fresno Ch\u00e1vez, C. (2017). La &hellip; <a href=\"http:\/\/www.socict.org\/cuba\/2017\/08\/07\/novedades-en-la-biblioteca-reduniv-en-acceso-abierto\/\" class=\"more-link\">Seguir leyendo <span class=\"screen-reader-text\">Novedades en la Biblioteca RedUniv<\/span> <span class=\"meta-nav\">&rarr;<\/span><\/a><\/p>\n","protected":false},"author":1,"featured_media":0,"comment_status":"open","ping_status":"open","sticky":false,"template":"","format":"standard","meta":{"footnotes":""},"categories":[40,33],"tags":[6,34,22],"class_list":["post-408","post","type-post","status-publish","format-standard","hentry","category-noticias","category-presentacion-de-libros","tag-bibliotecas-academicas","tag-editorial-universitaria","tag-novedades-bibliotecologia"],"_links":{"self":[{"href":"http:\/\/www.socict.org\/cuba\/wp-json\/wp\/v2\/posts\/408","targetHints":{"allow":["GET"]}}],"collection":[{"href":"http:\/\/www.socict.org\/cuba\/wp-json\/wp\/v2\/posts"}],"about":[{"href":"http:\/\/www.socict.org\/cuba\/wp-json\/wp\/v2\/types\/post"}],"author":[{"embeddable":true,"href":"http:\/\/www.socict.org\/cuba\/wp-json\/wp\/v2\/users\/1"}],"replies":[{"embeddable":true,"href":"http:\/\/www.socict.org\/cuba\/wp-json\/wp\/v2\/comments?post=408"}],"version-history":[{"count":4,"href":"http:\/\/www.socict.org\/cuba\/wp-json\/wp\/v2\/posts\/408\/revisions"}],"predecessor-version":[{"id":412,"href":"http:\/\/www.socict.org\/cuba\/wp-json\/wp\/v2\/posts\/408\/revisions\/412"}],"wp:attachment":[{"href":"http:\/\/www.socict.org\/cuba\/wp-json\/wp\/v2\/media?parent=408"}],"wp:term":[{"taxonomy":"category","embeddable":true,"href":"http:\/\/www.socict.org\/cuba\/wp-json\/wp\/v2\/categories?post=408"},{"taxonomy":"post_tag","embeddable":true,"href":"http:\/\/www.socict.org\/cuba\/wp-json\/wp\/v2\/tags?post=408"}],"curies":[{"name":"wp","href":"https:\/\/api.w.org\/{rel}","templated":true}]}}