{"id":40,"date":"2016-02-25T17:06:50","date_gmt":"2016-02-25T21:06:50","guid":{"rendered":"http:\/\/www.socict.org\/cuba\/?p=40"},"modified":"2016-02-25T17:06:50","modified_gmt":"2016-02-25T21:06:50","slug":"se-imparte-curso-corto-sobre-edicion-en-congreso-universidad-2016","status":"publish","type":"post","link":"http:\/\/www.socict.org\/cuba\/2016\/02\/25\/se-imparte-curso-corto-sobre-edicion-en-congreso-universidad-2016\/","title":{"rendered":"Se imparte curso corto sobre edici\u00f3n en Congreso Universidad 2016"},"content":{"rendered":"<p><a href=\"http:\/\/www.socict.org\/cuba\/wp-content\/uploads\/2016\/02\/Curso-1.jpg\" rel=\"attachment wp-att-45\"><img loading=\"lazy\" decoding=\"async\" class=\"size-medium wp-image-45 alignleft\" src=\"http:\/\/www.socict.org\/cuba\/wp-content\/uploads\/2016\/02\/Curso-1-300x170.jpg\" alt=\"Curso\" width=\"300\" height=\"170\" srcset=\"http:\/\/www.socict.org\/cuba\/wp-content\/uploads\/2016\/02\/Curso-1-300x170.jpg 300w, http:\/\/www.socict.org\/cuba\/wp-content\/uploads\/2016\/02\/Curso-1-768x435.jpg 768w, http:\/\/www.socict.org\/cuba\/wp-content\/uploads\/2016\/02\/Curso-1.jpg 1000w\" sizes=\"auto, (max-width: 300px) 100vw, 300px\" \/><\/a>Se imparte con \u00e9xito, por el <a href=\"http:\/\/www.ecured.cu\/Ra%C3%BAl_Torricella_Morales\" target=\"_blank\">Dr. C. Raul Torricella<\/a> con una matr\u00edcula de 17 partici\u00e1ntes extranjeros, el <a href=\"http:\/\/www.congresouniversidad.cu\/cursos-pre-congreso\" target=\"_blank\">curso pre-congreso Universidad 2016<\/a>: Edici\u00f3n, publicaci\u00f3n y distribuci\u00f3n de libros digitales acad\u00e9micos: para autores, editores y profesores universitarios. Se abordaron las ventajas para las Editoriales Universitarias de la coedi\u00f3n y la divulgaci\u00f3n de sus obras en la plataforma interativa<a href=\"https:\/\/www.facebook.com\/elibro.elibro?fref=ts\" target=\"_blank\"> e-E-libro E-livro<\/a><\/p>\n","protected":false},"excerpt":{"rendered":"<p>Se imparte con \u00e9xito, por el Dr. C. Raul Torricella con una matr\u00edcula de 17 partici\u00e1ntes extranjeros, el curso pre-congreso Universidad 2016: Edici\u00f3n, publicaci\u00f3n y distribuci\u00f3n de libros digitales acad\u00e9micos: para autores, editores y profesores universitarios. Se abordaron las ventajas para las Editoriales Universitarias de la coedi\u00f3n y la divulgaci\u00f3n de sus obras en la &hellip; <a href=\"http:\/\/www.socict.org\/cuba\/2016\/02\/25\/se-imparte-curso-corto-sobre-edicion-en-congreso-universidad-2016\/\" class=\"more-link\">Seguir leyendo <span class=\"screen-reader-text\">Se imparte curso corto sobre edici\u00f3n en Congreso Universidad 2016<\/span> <span class=\"meta-nav\">&rarr;<\/span><\/a><\/p>\n","protected":false},"author":2,"featured_media":0,"comment_status":"open","ping_status":"open","sticky":false,"template":"","format":"standard","meta":{"footnotes":""},"categories":[2],"tags":[],"class_list":["post-40","post","type-post","status-publish","format-standard","hentry","category-socializacion-de-la-informacion"],"_links":{"self":[{"href":"http:\/\/www.socict.org\/cuba\/wp-json\/wp\/v2\/posts\/40","targetHints":{"allow":["GET"]}}],"collection":[{"href":"http:\/\/www.socict.org\/cuba\/wp-json\/wp\/v2\/posts"}],"about":[{"href":"http:\/\/www.socict.org\/cuba\/wp-json\/wp\/v2\/types\/post"}],"author":[{"embeddable":true,"href":"http:\/\/www.socict.org\/cuba\/wp-json\/wp\/v2\/users\/2"}],"replies":[{"embeddable":true,"href":"http:\/\/www.socict.org\/cuba\/wp-json\/wp\/v2\/comments?post=40"}],"version-history":[{"count":4,"href":"http:\/\/www.socict.org\/cuba\/wp-json\/wp\/v2\/posts\/40\/revisions"}],"predecessor-version":[{"id":47,"href":"http:\/\/www.socict.org\/cuba\/wp-json\/wp\/v2\/posts\/40\/revisions\/47"}],"wp:attachment":[{"href":"http:\/\/www.socict.org\/cuba\/wp-json\/wp\/v2\/media?parent=40"}],"wp:term":[{"taxonomy":"category","embeddable":true,"href":"http:\/\/www.socict.org\/cuba\/wp-json\/wp\/v2\/categories?post=40"},{"taxonomy":"post_tag","embeddable":true,"href":"http:\/\/www.socict.org\/cuba\/wp-json\/wp\/v2\/tags?post=40"}],"curies":[{"name":"wp","href":"https:\/\/api.w.org\/{rel}","templated":true}]}}