{"id":341,"date":"2017-05-09T17:51:18","date_gmt":"2017-05-09T21:51:18","guid":{"rendered":"http:\/\/www.socict.org\/cuba\/?p=341"},"modified":"2017-05-19T12:58:26","modified_gmt":"2017-05-19T16:58:26","slug":"reunion-de-editores-en-la-libreria-alma-mater","status":"publish","type":"post","link":"http:\/\/www.socict.org\/cuba\/2017\/05\/09\/reunion-de-editores-en-la-libreria-alma-mater\/","title":{"rendered":"Reuni\u00f3n de editores en la Librer\u00eda Alma M\u00e1ter"},"content":{"rendered":"<h3>Reuni\u00f3n de editores de la SOCICT<\/h3>\n<h4>Se realiz\u00f3 el 17 de mayo del 2017 en la Libreria Alma Mater el T<strong>aller de edici\u00f3n digital + Presentaci\u00f3n del libro: <a href=\"https:\/\/www.ecured.cu\/Chispas,_llamas_y_estrellas:_comentarios_sobre_el_fuego\"><em><b>Chispas, llamas y estrellas:comentario sobre el fuego<\/b>.<\/em><\/a><br \/>\n<\/strong><\/h4>\n<p><strong><em><a href=\"https:\/\/www.ecured.cu\/V%C3%ADctor_Bruno_Henr%C3%ADquez\">Victor Bruno Henriuquez P\u00e9rez<\/a><\/em><\/strong>\u00a0 present\u00f3 el libro digital:\u00a0 <a href=\"https:\/\/www.ecured.cu\/Chispas,_llamas_y_estrellas:_comentarios_sobre_el_fuego\"><em><b>Chispas, llamas y estrellas:comentario sobre el fuego<\/b>.<\/em><\/a><\/p>\n<figure id=\"attachment_352\" aria-describedby=\"caption-attachment-352\" style=\"width: 300px\" class=\"wp-caption aligncenter\"><a href=\"http:\/\/www.socict.org\/cuba\/wp-content\/uploads\/2017\/05\/Bruno.jpg\"><img loading=\"lazy\" decoding=\"async\" class=\"size-medium wp-image-352\" src=\"http:\/\/www.socict.org\/cuba\/wp-content\/uploads\/2017\/05\/Bruno-300x290.jpg\" alt=\"\" width=\"300\" height=\"290\" srcset=\"http:\/\/www.socict.org\/cuba\/wp-content\/uploads\/2017\/05\/Bruno-300x290.jpg 300w, http:\/\/www.socict.org\/cuba\/wp-content\/uploads\/2017\/05\/Bruno-768x741.jpg 768w, http:\/\/www.socict.org\/cuba\/wp-content\/uploads\/2017\/05\/Bruno.jpg 1000w\" sizes=\"auto, (max-width: 300px) 100vw, 300px\" \/><\/a><figcaption id=\"caption-attachment-352\" class=\"wp-caption-text\">Victor Bruno Henr\u00edquez P\u00e9rez<\/figcaption><\/figure>\n<figure id=\"attachment_353\" aria-describedby=\"caption-attachment-353\" style=\"width: 300px\" class=\"wp-caption aligncenter\"><a href=\"http:\/\/www.socict.org\/cuba\/wp-content\/uploads\/2017\/05\/Publico.jpg\"><img loading=\"lazy\" decoding=\"async\" class=\"wp-image-353 size-medium\" src=\"http:\/\/www.socict.org\/cuba\/wp-content\/uploads\/2017\/05\/Publico-300x235.jpg\" alt=\"\" width=\"300\" height=\"235\" srcset=\"http:\/\/www.socict.org\/cuba\/wp-content\/uploads\/2017\/05\/Publico-300x235.jpg 300w, http:\/\/www.socict.org\/cuba\/wp-content\/uploads\/2017\/05\/Publico-768x601.jpg 768w, http:\/\/www.socict.org\/cuba\/wp-content\/uploads\/2017\/05\/Publico.jpg 1000w\" sizes=\"auto, (max-width: 300px) 100vw, 300px\" \/><\/a><figcaption id=\"caption-attachment-353\" class=\"wp-caption-text\">Participantes<\/figcaption><\/figure>\n<figure id=\"attachment_355\" aria-describedby=\"caption-attachment-355\" style=\"width: 300px\" class=\"wp-caption aligncenter\"><a href=\"http:\/\/www.socict.org\/cuba\/wp-content\/uploads\/2017\/05\/Frank.jpg\"><img loading=\"lazy\" decoding=\"async\" class=\"wp-image-355 size-medium\" src=\"http:\/\/www.socict.org\/cuba\/wp-content\/uploads\/2017\/05\/Frank-300x229.jpg\" alt=\"\" width=\"300\" height=\"229\" srcset=\"http:\/\/www.socict.org\/cuba\/wp-content\/uploads\/2017\/05\/Frank-300x229.jpg 300w, http:\/\/www.socict.org\/cuba\/wp-content\/uploads\/2017\/05\/Frank-768x586.jpg 768w, http:\/\/www.socict.org\/cuba\/wp-content\/uploads\/2017\/05\/Frank.jpg 1000w\" sizes=\"auto, (max-width: 300px) 100vw, 300px\" \/><\/a><figcaption id=\"caption-attachment-355\" class=\"wp-caption-text\">Frank Gonz\u00e1lez<\/figcaption><\/figure>\n<figure id=\"attachment_354\" aria-describedby=\"caption-attachment-354\" style=\"width: 300px\" class=\"wp-caption aligncenter\"><a href=\"http:\/\/www.socict.org\/cuba\/wp-content\/uploads\/2017\/05\/Bruno1.jpg\"><img loading=\"lazy\" decoding=\"async\" class=\"wp-image-354 size-medium\" src=\"http:\/\/www.socict.org\/cuba\/wp-content\/uploads\/2017\/05\/Bruno1-300x211.jpg\" alt=\"\" width=\"300\" height=\"211\" srcset=\"http:\/\/www.socict.org\/cuba\/wp-content\/uploads\/2017\/05\/Bruno1-300x211.jpg 300w, http:\/\/www.socict.org\/cuba\/wp-content\/uploads\/2017\/05\/Bruno1-768x541.jpg 768w, http:\/\/www.socict.org\/cuba\/wp-content\/uploads\/2017\/05\/Bruno1.jpg 1000w\" sizes=\"auto, (max-width: 300px) 100vw, 300px\" \/><\/a><figcaption id=\"caption-attachment-354\" class=\"wp-caption-text\">Eduardo Cordero y Bruno Henr\u00edquez<\/figcaption><\/figure>\n<p>Participaron editores, bibliotecarios y autores.(participantes)<\/p>\n<p>Frank Gonz\u00e1lez, miembro de la SOCICT y editor de la Editorial Universitaria explic\u00f3 la edici\u00f3n de documentos para su publicaci\u00f3n en la Web. (Frank Gonz\u00e1lez)<\/p>\n<p>Eduardo Cordero, miembro de la SOCICT y editor de la Editorial Universitaria facilita la copia del libro: \u00abChispas&#8230;\u00bb a los participantes en la reuni\u00f3n. (Eduardo Cordero)<\/p>\n<p><a href=\"mailto:eduniv@reduniv.edu.cu\">eduniv@reduniv.edu.cu <\/a><\/p>\n<p>&nbsp;<\/p>\n<p>&nbsp;<\/p>\n","protected":false},"excerpt":{"rendered":"<p>Reuni\u00f3n de editores de la SOCICT Se realiz\u00f3 el 17 de mayo del 2017 en la Libreria Alma Mater el Taller de edici\u00f3n digital + Presentaci\u00f3n del libro: Chispas, llamas y estrellas:comentario sobre el fuego. Victor Bruno Henriuquez P\u00e9rez\u00a0 present\u00f3 el libro digital:\u00a0 Chispas, llamas y estrellas:comentario sobre el fuego. Participaron editores, bibliotecarios y autores.(participantes) &hellip; <a href=\"http:\/\/www.socict.org\/cuba\/2017\/05\/09\/reunion-de-editores-en-la-libreria-alma-mater\/\" class=\"more-link\">Seguir leyendo <span class=\"screen-reader-text\">Reuni\u00f3n de editores en la Librer\u00eda Alma M\u00e1ter<\/span> <span class=\"meta-nav\">&rarr;<\/span><\/a><\/p>\n","protected":false},"author":1,"featured_media":0,"comment_status":"open","ping_status":"open","sticky":false,"template":"","format":"standard","meta":{"footnotes":""},"categories":[8,33],"tags":[34,4],"class_list":["post-341","post","type-post","status-publish","format-standard","hentry","category-comunicaciones-de-la-socict","category-presentacion-de-libros","tag-editorial-universitaria","tag-talleres-y-reuniones"],"_links":{"self":[{"href":"http:\/\/www.socict.org\/cuba\/wp-json\/wp\/v2\/posts\/341","targetHints":{"allow":["GET"]}}],"collection":[{"href":"http:\/\/www.socict.org\/cuba\/wp-json\/wp\/v2\/posts"}],"about":[{"href":"http:\/\/www.socict.org\/cuba\/wp-json\/wp\/v2\/types\/post"}],"author":[{"embeddable":true,"href":"http:\/\/www.socict.org\/cuba\/wp-json\/wp\/v2\/users\/1"}],"replies":[{"embeddable":true,"href":"http:\/\/www.socict.org\/cuba\/wp-json\/wp\/v2\/comments?post=341"}],"version-history":[{"count":8,"href":"http:\/\/www.socict.org\/cuba\/wp-json\/wp\/v2\/posts\/341\/revisions"}],"predecessor-version":[{"id":359,"href":"http:\/\/www.socict.org\/cuba\/wp-json\/wp\/v2\/posts\/341\/revisions\/359"}],"wp:attachment":[{"href":"http:\/\/www.socict.org\/cuba\/wp-json\/wp\/v2\/media?parent=341"}],"wp:term":[{"taxonomy":"category","embeddable":true,"href":"http:\/\/www.socict.org\/cuba\/wp-json\/wp\/v2\/categories?post=341"},{"taxonomy":"post_tag","embeddable":true,"href":"http:\/\/www.socict.org\/cuba\/wp-json\/wp\/v2\/tags?post=341"}],"curies":[{"name":"wp","href":"https:\/\/api.w.org\/{rel}","templated":true}]}}