{"id":302,"date":"2017-02-03T18:37:18","date_gmt":"2017-02-03T22:37:18","guid":{"rendered":"http:\/\/www.socict.org\/cuba\/?p=302"},"modified":"2017-02-03T18:42:17","modified_gmt":"2017-02-03T22:42:17","slug":"actualizado-el-convenio-reduniv-autores-y-entidades","status":"publish","type":"post","link":"http:\/\/www.socict.org\/cuba\/2017\/02\/03\/actualizado-el-convenio-reduniv-autores-y-entidades\/","title":{"rendered":"La Editorial Universitaria del MES en la 26 Feria del Libro de La Habana"},"content":{"rendered":"<h4><a href=\"http:\/\/eduniv.mes.edu.cu\/\">Editorial Universitaria del Ministerio de Educ<\/a><a href=\"http:\/\/eduniv.mes.edu.cu\/\">aci\u00f3n Superior<\/a><\/h4>\n<p>En la<a href=\"https:\/\/www.facebook.com\/Feria-Internacional-del-Libro-de-La-Habana-829872350430930\/\"> 26 Feria Internacional del Libro de La Habana <\/a>se entregar\u00e1 el<a href=\"http:\/\/eduniv.mes.edu.cu\/iii-premio-del-lector-libro-academico-digital-convocatoria.pdf\"> III Premio del Lector al libro digital acad\u00e9mico cubano<\/a><\/p>\n<ul>\n<li><strong>Lugar<\/strong>: Stand G3<a href=\"http:\/\/eduniv.mes.edu.cu\"><img loading=\"lazy\" decoding=\"async\" class=\"size-medium wp-image-304 alignright\" src=\"http:\/\/www.socict.org\/cuba\/wp-content\/uploads\/2017\/02\/Editorial-Universitaria-chico-300x97.jpg\" alt=\"\" width=\"300\" height=\"97\" srcset=\"http:\/\/www.socict.org\/cuba\/wp-content\/uploads\/2017\/02\/Editorial-Universitaria-chico-300x97.jpg 300w, http:\/\/www.socict.org\/cuba\/wp-content\/uploads\/2017\/02\/Editorial-Universitaria-chico.jpg 450w\" sizes=\"auto, (max-width: 300px) 100vw, 300px\" \/><\/a><\/li>\n<li><strong>Fecha<\/strong> 15 de Febrero<\/li>\n<li><strong>Hora<\/strong>: 13: 00 horas<\/li>\n<\/ul>\n<p>Te esperamos !<\/p>\n<p>Novedades: Disponible la versi\u00f3n del 2017 del convenio REDUNIV con<a href=\"http:\/\/eduniv.mes.edu.cu\/2017-convenio-reduniv-autores.pdf\"> Los\u00a0 Autores<\/a> y con <a href=\"http:\/\/eduniv.mes.edu.cu\/2017-convenio-reduniv-entidades.pdf\">Las Entidades<\/a><\/p>\n","protected":false},"excerpt":{"rendered":"<p>Editorial Universitaria del Ministerio de Educaci\u00f3n Superior En la 26 Feria Internacional del Libro de La Habana se entregar\u00e1 el III Premio del Lector al libro digital acad\u00e9mico cubano Lugar: Stand G3 Fecha 15 de Febrero Hora: 13: 00 horas Te esperamos ! Novedades: Disponible la versi\u00f3n del 2017 del convenio REDUNIV con Los\u00a0 Autores &hellip; <a href=\"http:\/\/www.socict.org\/cuba\/2017\/02\/03\/actualizado-el-convenio-reduniv-autores-y-entidades\/\" class=\"more-link\">Seguir leyendo <span class=\"screen-reader-text\">La Editorial Universitaria del MES en la 26 Feria del Libro de La Habana<\/span> <span class=\"meta-nav\">&rarr;<\/span><\/a><\/p>\n","protected":false},"author":1,"featured_media":0,"comment_status":"open","ping_status":"open","sticky":false,"template":"","format":"standard","meta":{"footnotes":""},"categories":[8,2],"tags":[6,34,22],"class_list":["post-302","post","type-post","status-publish","format-standard","hentry","category-comunicaciones-de-la-socict","category-socializacion-de-la-informacion","tag-bibliotecas-academicas","tag-editorial-universitaria","tag-novedades-bibliotecologia"],"_links":{"self":[{"href":"http:\/\/www.socict.org\/cuba\/wp-json\/wp\/v2\/posts\/302","targetHints":{"allow":["GET"]}}],"collection":[{"href":"http:\/\/www.socict.org\/cuba\/wp-json\/wp\/v2\/posts"}],"about":[{"href":"http:\/\/www.socict.org\/cuba\/wp-json\/wp\/v2\/types\/post"}],"author":[{"embeddable":true,"href":"http:\/\/www.socict.org\/cuba\/wp-json\/wp\/v2\/users\/1"}],"replies":[{"embeddable":true,"href":"http:\/\/www.socict.org\/cuba\/wp-json\/wp\/v2\/comments?post=302"}],"version-history":[{"count":4,"href":"http:\/\/www.socict.org\/cuba\/wp-json\/wp\/v2\/posts\/302\/revisions"}],"predecessor-version":[{"id":309,"href":"http:\/\/www.socict.org\/cuba\/wp-json\/wp\/v2\/posts\/302\/revisions\/309"}],"wp:attachment":[{"href":"http:\/\/www.socict.org\/cuba\/wp-json\/wp\/v2\/media?parent=302"}],"wp:term":[{"taxonomy":"category","embeddable":true,"href":"http:\/\/www.socict.org\/cuba\/wp-json\/wp\/v2\/categories?post=302"},{"taxonomy":"post_tag","embeddable":true,"href":"http:\/\/www.socict.org\/cuba\/wp-json\/wp\/v2\/tags?post=302"}],"curies":[{"name":"wp","href":"https:\/\/api.w.org\/{rel}","templated":true}]}}