{"id":223,"date":"2016-10-26T10:59:28","date_gmt":"2016-10-26T14:59:28","guid":{"rendered":"http:\/\/www.socict.org\/cuba\/?p=223"},"modified":"2016-10-26T11:00:14","modified_gmt":"2016-10-26T15:00:14","slug":"la-socict-en-el-xiv-congreso-internacional-info-2016","status":"publish","type":"post","link":"http:\/\/www.socict.org\/cuba\/2016\/10\/26\/la-socict-en-el-xiv-congreso-internacional-info-2016\/","title":{"rendered":"La SOCICT en el XIV Congreso Internacional INFO 2016"},"content":{"rendered":"<p>Ya est\u00e1 disponible el programa de INFO 2016!<\/p>\n<p>Puede descargarlo en:<\/p>\n<p><a href=\"http:\/\/www.congreso-info.cu\/index.php\/info\/2016\/schedConf\/program\"> http:\/\/www.congreso-info.cu\/index.php\/info\/2016\/schedConf\/program <\/a><\/p>\n<p>Destacamos la siguiente actividad:<\/p>\n<p><strong>II SIMPOSIO DE SOCIEDADES CIENT\u00cdFICAS DE INFORMACI\u00d3N<\/strong><\/p>\n<p><strong>MI\u00c9RCOLES, 2 DE NOVIEMBRE<\/strong><br \/>\n<strong>SALA 6<\/strong><\/p>\n<p>15:00 \u2013 16:00 Panel<strong><em> \u201cLos derechos de autor vs. divulgaci\u00f3n de los resultados de las investigaciones cubanas en Internet: situaci\u00f3n actual y perspectiva\u201d.<\/em><\/strong><br \/>\nModerador: Ra\u00fal Torricella Morales, Editorial Universitaria del Ministerio de Educaci\u00f3n Superior, Cuba.<\/p>\n<p>Participantes:<\/p>\n<figure id=\"attachment_156\" aria-describedby=\"caption-attachment-156\" style=\"width: 300px\" class=\"wp-caption alignright\"><a href=\"http:\/\/www.socict.org\/cuba\/wp-content\/uploads\/2016\/07\/Eduniv.jpg\"><img loading=\"lazy\" decoding=\"async\" class=\"size-medium wp-image-156\" src=\"http:\/\/www.socict.org\/cuba\/wp-content\/uploads\/2016\/07\/Eduniv-300x218.jpg\" alt=\"Flujo de trabajo de la Editorial Universitaria del Ministerio de Educaci\u00f3n Superior\" width=\"300\" height=\"218\" srcset=\"http:\/\/www.socict.org\/cuba\/wp-content\/uploads\/2016\/07\/Eduniv-300x218.jpg 300w, http:\/\/www.socict.org\/cuba\/wp-content\/uploads\/2016\/07\/Eduniv-768x557.jpg 768w, http:\/\/www.socict.org\/cuba\/wp-content\/uploads\/2016\/07\/Eduniv.jpg 830w\" sizes=\"auto, (max-width: 300px) 100vw, 300px\" \/><\/a><figcaption id=\"caption-attachment-156\" class=\"wp-caption-text\">Flujo de trabajo de la Editorial Universitaria del Ministerio de Educaci\u00f3n Superior<\/figcaption><\/figure>\n<p>Eduardo Varela-Cid, presidente de la Compa\u00f1\u00eda e-Libro SRL, Argentina.<br \/>\nMargarita Bellas, Asociaci\u00f3n Cubana de Bibliotecarios (ASCUBI), Cuba.<br \/>\nMiguel Viciedo, Asociaci\u00f3n Cubana de Bibliotecarios (ASCUBI), Cuba.<br \/>\nAmadeo Cid L\u00f3pez, Jur\u00eddica Centro Nacional de Derecho de Autor (CENDA), Cuba<br \/>\nConcepci\u00f3n D\u00edaz May\u00e1ns, Ministerio de Educaci\u00f3n Superior (MES), Cuba.<br \/>\nWally Maura Thompson, C\u00e1mara del Libro, Cuba.<br \/>\nAmadeo Cid L\u00f3pez, Centro Nacional de Derecho de Autor (CENDA), Cuba.<\/p>\n","protected":false},"excerpt":{"rendered":"<p>Ya est\u00e1 disponible el programa de INFO 2016! Puede descargarlo en: http:\/\/www.congreso-info.cu\/index.php\/info\/2016\/schedConf\/program Destacamos la siguiente actividad: II SIMPOSIO DE SOCIEDADES CIENT\u00cdFICAS DE INFORMACI\u00d3N MI\u00c9RCOLES, 2 DE NOVIEMBRE SALA 6 15:00 \u2013 16:00 Panel \u201cLos derechos de autor vs. divulgaci\u00f3n de los resultados de las investigaciones cubanas en Internet: situaci\u00f3n actual y perspectiva\u201d. Moderador: Ra\u00fal Torricella &hellip; <a href=\"http:\/\/www.socict.org\/cuba\/2016\/10\/26\/la-socict-en-el-xiv-congreso-internacional-info-2016\/\" class=\"more-link\">Seguir leyendo <span class=\"screen-reader-text\">La SOCICT en el XIV Congreso Internacional INFO 2016<\/span> <span class=\"meta-nav\">&rarr;<\/span><\/a><\/p>\n","protected":false},"author":1,"featured_media":0,"comment_status":"open","ping_status":"open","sticky":false,"template":"","format":"standard","meta":{"footnotes":""},"categories":[31],"tags":[4],"class_list":["post-223","post","type-post","status-publish","format-standard","hentry","category-conferencia-magistral","tag-talleres-y-reuniones"],"_links":{"self":[{"href":"http:\/\/www.socict.org\/cuba\/wp-json\/wp\/v2\/posts\/223","targetHints":{"allow":["GET"]}}],"collection":[{"href":"http:\/\/www.socict.org\/cuba\/wp-json\/wp\/v2\/posts"}],"about":[{"href":"http:\/\/www.socict.org\/cuba\/wp-json\/wp\/v2\/types\/post"}],"author":[{"embeddable":true,"href":"http:\/\/www.socict.org\/cuba\/wp-json\/wp\/v2\/users\/1"}],"replies":[{"embeddable":true,"href":"http:\/\/www.socict.org\/cuba\/wp-json\/wp\/v2\/comments?post=223"}],"version-history":[{"count":2,"href":"http:\/\/www.socict.org\/cuba\/wp-json\/wp\/v2\/posts\/223\/revisions"}],"predecessor-version":[{"id":225,"href":"http:\/\/www.socict.org\/cuba\/wp-json\/wp\/v2\/posts\/223\/revisions\/225"}],"wp:attachment":[{"href":"http:\/\/www.socict.org\/cuba\/wp-json\/wp\/v2\/media?parent=223"}],"wp:term":[{"taxonomy":"category","embeddable":true,"href":"http:\/\/www.socict.org\/cuba\/wp-json\/wp\/v2\/categories?post=223"},{"taxonomy":"post_tag","embeddable":true,"href":"http:\/\/www.socict.org\/cuba\/wp-json\/wp\/v2\/tags?post=223"}],"curies":[{"name":"wp","href":"https:\/\/api.w.org\/{rel}","templated":true}]}}