{"id":205,"date":"2016-09-20T13:24:48","date_gmt":"2016-09-20T17:24:48","guid":{"rendered":"http:\/\/www.socict.org\/cuba\/?p=205"},"modified":"2016-10-04T13:47:23","modified_gmt":"2016-10-04T17:47:23","slug":"1er-taller-jovenes-profesionales-de-la-socict","status":"publish","type":"post","link":"http:\/\/www.socict.org\/cuba\/2016\/09\/20\/1er-taller-jovenes-profesionales-de-la-socict\/","title":{"rendered":"1er Taller J\u00f3venes Profesionales de la SOCICT"},"content":{"rendered":"<p align=\"center\"><span style=\"color: #000000;\"><span style=\"font-family: Arial,serif;\"><span style=\"font-size: large;\"><i> 1er Taller J\u00f3venes Profesionales de la SOCICT. <a href=\"http:\/\/www.socict.org\/cuba\/wp-content\/uploads\/2016\/04\/SOCICT-logo.jpg\"><img loading=\"lazy\" decoding=\"async\" class=\"size-full wp-image-58 aligncenter\" src=\"http:\/\/www.socict.org\/cuba\/wp-content\/uploads\/2016\/04\/SOCICT-logo.jpg\" alt=\"SOCICT-logo\" width=\"242\" height=\"104\" \/><\/a><\/i><\/span><\/span><\/span><\/p>\n<p align=\"center\"><span style=\"color: #000000;\"><span style=\"font-family: Arial,serif;\"><span style=\"font-size: large;\"><i>22-23 de septiembre de 2016. Biblioteca \u201cRub\u00e9n Mart\u00ednez Villena\u201d<\/i><\/span><\/span><\/span><\/p>\n<p align=\"center\"><span style=\"color: #000000;\"><span style=\"font-size: large;\"><b>Programa Cient\u00edfico<\/b><\/span><\/span><\/p>\n<p align=\"justify\"><span style=\"color: #000000;\"><span style=\"font-family: Arial,serif;\"><span style=\"font-size: large;\"><b>Jueves 22 de septiembre<\/b><\/span><\/span><\/span><\/p>\n<p align=\"justify\"><strong><span style=\"color: #000000;\"><span style=\"font-family: Arial,serif;\"><span style=\"font-size: medium;\">09:00-09:30 Acreditaci\u00f3n<\/span><\/span><\/span><\/strong><\/p>\n<p align=\"justify\"><span style=\"color: #000000;\"><span style=\"font-family: Arial,serif;\"><span style=\"font-size: medium;\">09:30-09:40 Inauguraci\u00f3n. Dra.C. Mar\u00eda Aurora Soto Balb\u00f3n, Presidente SOCICT.<\/span><\/span><\/span><\/p>\n<p align=\"justify\"><span style=\"color: #000000;\"> <span style=\"font-family: Arial,serif;\"><span style=\"font-size: medium;\">09:40-10:25 Conferencia \u201cSistemas de informaci\u00f3n: una perspectiva desde el an\u00e1lisis\u201d. Prof. Alejandro Medina Gonz\u00e1lez, Facultad de Comu\u00adnicaci\u00f3n, UH. <\/span><\/span><\/span><\/p>\n<p align=\"justify\"><span style=\"color: #000000;\"><span style=\"font-family: Arial,serif;\"><span style=\"font-size: medium;\">10:25-10:40 Papyrus case. Gestionando contenido empresarial con un enfoque de expedientes. Ing. Fernando Rodr\u00edguez Medina. Empresa DATYS.<\/span><\/span><\/span><\/p>\n<p align=\"justify\"><span style=\"color: #000000;\"><span style=\"font-family: Arial,serif;\"><span style=\"font-size: medium;\">10:40-10:55 Estrategia de Comunicaci\u00f3n para la implementaci\u00f3n de las nuevas normas jur\u00eddicas del sistema empresarial cubano. Maydelis Rodr\u00edguez, Mabel Pujal, Yurisleidys Bravo. FCOM. <\/span><\/span><\/span><\/p>\n<p align=\"justify\"><span style=\"color: #000000;\"><span style=\"font-family: Arial,serif;\"><span style=\"font-size: medium;\"><b>10:55-11:25 Receso<\/b><\/span><\/span><\/span><\/p>\n<p align=\"justify\"><span style=\"color: #000000;\"><span style=\"font-family: Arial,serif;\"><span style=\"font-size: medium;\">11:25-11:40 Gesti\u00f3n de informaci\u00f3n clasificada publicada en Internet: una valoraci\u00f3n como fuente de informaci\u00f3n en las investigaciones del CIHSE. Lic. Esther Lilian Morales Rodr\u00edguez. MININT. <\/span><\/span><\/span><\/p>\n<p align=\"justify\"><span style=\"color: #000000;\"><span style=\"font-family: Arial,serif;\"><span style=\"font-size: medium;\">11:40-11:55 An\u00e1lisis de digitalizaci\u00f3n del fondo fotogr\u00e1fico del peri\u00f3dico \u00b4\u00b4El Habanero\u00b4\u00b4 en el CIP en 2016. Niliek Silva Al\u00e9s. <\/span><\/span><\/span><span style=\"font-family: Arial,serif;\">LIliet Sanabria Duran. <\/span><span style=\"color: #000000;\"><span style=\"font-family: Arial,serif;\"><span style=\"font-size: medium;\">FCOM.<\/span><\/span><\/span><\/p>\n<p align=\"justify\"><span style=\"color: #000000;\"><span style=\"font-family: Arial,serif;\"><span style=\"font-size: medium;\">11:55-12:10 Servicio de Informaci\u00f3n a la Comunidad: posibles alianzas entre las Bibliotecas P\u00fablicas Municipales y los Joven Clubs de Computaci\u00f3n y Electr\u00f3nica. William Ferrer Entenza. FCOM. <\/span><\/span><\/span><\/p>\n<p align=\"justify\"><span style=\"color: #000000;\"><span style=\"font-family: Arial,serif;\"><span style=\"font-size: medium;\">12:10-12:25 Par\u00e1metros e indicadores para evaluar el funcionamiento de la biblioteca virtual de la CID-FAR. Dayrene Francisca Brugal Caballero. MINFAR.<\/span><\/span><\/span><\/p>\n<p align=\"justify\"><span style=\"color: #000000;\"><span style=\"font-family: Arial,serif;\"><span style=\"font-size: medium;\">12:25-12:40 Cat\u00e1logo Fotogr\u00e1fico: Para el Camag\u00fcey Culto y Popular. Liz Solanch Calvo Pel\u00e1ez. FCOM. <\/span><\/span><\/span><\/p>\n<p align=\"justify\"><span style=\"color: #000000;\"><span style=\"font-family: Arial,serif;\"><span style=\"font-size: medium;\">12:40-12:55 Consideraciones sobre b\u00fasqueda de informaci\u00f3n de salud mental. Estudio de la Revista de Psiquiatr\u00eda Mundial. Lic. Gema Guti\u00e9rrez Balmaseda Hern\u00e1ndez. MININT.<\/span><\/span><\/span><\/p>\n<p align=\"justify\"><span style=\"color: #000000;\"><span style=\"font-family: Arial,serif;\"><span style=\"font-size: medium;\">12:55-13:10 Perfil institucional. Producto de vigilancia e inteligencia empresarial para las FAR. Lic. Eylen Juanola Flores MINFAR.<\/span><\/span><\/span><\/p>\n<p align=\"justify\"><span style=\"color: #000000;\"><span style=\"font-family: Arial,serif;\"><span style=\"font-size: medium;\">13:10-14:00 Debate.<\/span><\/span><\/span><\/p>\n<p align=\"justify\"><span style=\"color: #000000;\"><span style=\"font-family: Arial,serif;\"><span style=\"font-size: large;\"><b>Viernes 23 de septiembre<\/b><\/span><\/span><\/span><\/p>\n<p align=\"justify\"><span style=\"font-family: Arial,serif;\"><span style=\"font-size: medium;\">09:00-09:45 Conferencia \u00bfEstamos preparados para el cambio&#8230;?<br \/>\nLic. V\u00edctor Fern\u00e1ndez Gonz\u00e1lez. Director del Departamento de Desarrollo. SITRANS.<\/span><\/span><\/p>\n<p align=\"justify\"><span style=\"color: #000000;\"><span style=\"font-family: Arial,serif;\"><span style=\"font-size: medium;\">09:45-10:00 Dise\u00f1o metodol\u00f3gico de identificaci\u00f3n de competen<a href=\"http:\/\/www.socict.org\/cuba\/wp-content\/uploads\/2016\/09\/IMG_20160922_115114.jpg\"><img loading=\"lazy\" decoding=\"async\" class=\"alignright size-medium wp-image-214\" src=\"http:\/\/www.socict.org\/cuba\/wp-content\/uploads\/2016\/09\/IMG_20160922_115114-300x169.jpg\" alt=\"img_20160922_115114\" width=\"300\" height=\"169\" srcset=\"http:\/\/www.socict.org\/cuba\/wp-content\/uploads\/2016\/09\/IMG_20160922_115114-300x169.jpg 300w, http:\/\/www.socict.org\/cuba\/wp-content\/uploads\/2016\/09\/IMG_20160922_115114.jpg 640w\" sizes=\"auto, (max-width: 300px) 100vw, 300px\" \/><\/a>cias profesionales de los bibliotecarios de la Red de Bibliotecas P\u00fablicas de La Habana. Masiel Hern\u00e1ndez Morua-Delgado, Erika Dom\u00ednguez, Carla Le\u00f3n. FCOM.<\/span><\/span><\/span><\/p>\n<p align=\"justify\"><span style=\"color: #000000;\"><span style=\"font-family: Arial,serif;\"><span style=\"font-size: medium;\">10:00-10:15 Informaci\u00f3n relevante para el nivel estrat\u00e9gico de la Asamblea Municipal del PP de Centro Habana. Lisandra Landri\u00e1n, Katia P\u00e9rez, Maidelys Rodr\u00edguez, Yurisleidys Bravo, Tal\u00eda Ramos. FCOM.<\/span><\/span><\/span><\/p>\n<p align=\"justify\"><span style=\"color: #000000;\"><span style=\"font-family: Arial,serif;\"><span style=\"font-size: medium;\">10:15-10:30 El papel de las revistas cient\u00edficas en la divulgaci\u00f3n de la ciencia en las redes sociales. Ing Dayron Jos\u00e9 Avello Mar\u00edn. Centro de Retinosi<a href=\"http:\/\/www.socict.org\/cuba\/wp-content\/uploads\/2016\/09\/IMG_20160922_115127.jpg\"><img loading=\"lazy\" decoding=\"async\" class=\"alignright size-medium wp-image-215\" src=\"http:\/\/www.socict.org\/cuba\/wp-content\/uploads\/2016\/09\/IMG_20160922_115127-300x169.jpg\" alt=\"img_20160922_115127\" width=\"300\" height=\"169\" srcset=\"http:\/\/www.socict.org\/cuba\/wp-content\/uploads\/2016\/09\/IMG_20160922_115127-300x169.jpg 300w, http:\/\/www.socict.org\/cuba\/wp-content\/uploads\/2016\/09\/IMG_20160922_115127.jpg 640w\" sizes=\"auto, (max-width: 300px) 100vw, 300px\" \/><\/a>s Pigmentaria. <\/span><\/span><\/span><\/p>\n<p align=\"justify\"><span style=\"color: #000000;\"><span style=\"font-family: Arial,serif;\"><span style=\"font-size: medium;\">10:30-10:45 Compendio Revistas Cient\u00edfico -Tecnol\u00f3gicas. Ana Rosa Gal\u00e1n Mart\u00ednez. MININT.<\/span><\/span><\/span><\/p>\n<p align=\"justify\"><span style=\"color: #000000;\"><span style=\"font-family: Arial,serif;\"><span style=\"font-size: medium;\">10:45-11:00 Presentaci\u00f3n de la Revista \u201cPensar en Cuba\u201d. Memorial de la Denuncia.<\/span><\/span><\/span><\/p>\n<p align=\"justify\"><span style=\"color: #000000;\"><span style=\"font-family: Arial,serif;\"><span style=\"font-size: medium;\"><b>11:00-11:30 Receso<\/b><\/span><\/span><\/span><\/p>\n<p align=\"justify\"><span style=\"color: #000000;\"><span style=\"font-family: Arial,serif;\"><span style=\"font-size: medium;\">11:30-11:45 El proceso de Valoraci\u00f3n en la Postcustodia: Macrovaloraci\u00f3n. Erika Dom\u00ednguez Agramonte, Annie Aguiar D\u00edaz, Ailet Hern\u00e1ndez Salina. FCOM. <\/span><\/span><\/span><\/p>\n<p align=\"justify\"><span style=\"color: #000000;\"><span style=\"font-family: Arial,serif;\"><span style=\"font-size: medium;\">11:45-12:00 Epistolario de Jos\u00e9 Antonio Saco: Su restauraci\u00f3n. M\u00f3nica Alfonso Rdguez. Juliete Ochoa Glez. Archivo Nacional de Cuba.<\/span><\/span><\/span><\/p>\n<p align=\"justify\"><span style=\"color: #000000;\"><span style=\"font-family: Arial,serif;\"><span style=\"font-size: medium;\">12:00-12:15 Productos informativos del Instituto Superior del MININT<a href=\"http:\/\/www.socict.org\/cuba\/wp-content\/uploads\/2016\/09\/IMG_20160923_113635.jpg\"><img loading=\"lazy\" decoding=\"async\" class=\"alignright size-medium wp-image-219\" src=\"http:\/\/www.socict.org\/cuba\/wp-content\/uploads\/2016\/09\/IMG_20160923_113635-300x169.jpg\" alt=\"img_20160923_113635\" width=\"300\" height=\"169\" srcset=\"http:\/\/www.socict.org\/cuba\/wp-content\/uploads\/2016\/09\/IMG_20160923_113635-300x169.jpg 300w, http:\/\/www.socict.org\/cuba\/wp-content\/uploads\/2016\/09\/IMG_20160923_113635.jpg 640w\" sizes=\"auto, (max-width: 300px) 100vw, 300px\" \/><\/a>. Yusmila P\u00e9rez Salm\u00f3n. Yanaysi Rodr\u00edguez Avil\u00e9s.<\/span><\/span><\/span><\/p>\n<p align=\"justify\"><span style=\"color: #000000;\"><span style=\"font-family: Arial,serif;\"><span style=\"font-size: medium;\">12:15-12:30 Fidel Castro Ruz: midiendo la ciencia de un hombre de ciencias. Alexis Alejandro Garc\u00eda Rivero, Javier Gonz\u00e1lez Argote, Oliver P\u00e9rez Martin. Universidad de Ciencias M\u00e9dicas de La Habana.<\/span><\/span><\/span><\/p>\n<p align=\"justify\"><span style=\"color: #000000;\"><span style=\"font-family: Arial,serif;\"><span style=\"font-size: medium;\">12:30-12:45 Panorama de las revistas estudiantiles cubanas. 2005-2015. Primera Parte: An\u00e1lisis bibliom\u00e9trico. Javier Gonz\u00e1lez Argote, Alexis Alejandro Garcia-Rivero, Alberto Juan Dorta-Contreras. <\/span><\/span><\/span><\/p>\n<p align=\"justify\"><span style=\"color: #000000;\"><span style=\"font-family: Arial,serif;\"><span style=\"font-size: medium;\">12:45-13:00 Estudio m\u00e9trico de la Revista RECIDT. Lic. Evelyn Marbot D\u00edaz. MININT<\/span><\/span><\/span><\/p>\n<p align=\"justify\"><span style=\"color: #000000;\"><span style=\"font-family: Arial,serif;\"><span style=\"font-size: medium;\">13:00-13:15 Debate.<\/span><\/span><\/span><\/p>\n<p align=\"justify\"><a name=\"_GoBack\"><\/a> <span style=\"color: #000000;\"><span style=\"font-family: Arial,serif;\"><span style=\"font-size: medium;\"><b>13:15 Clausura del evento.<\/b><\/span><\/span><\/span><\/p>\n","protected":false},"excerpt":{"rendered":"<p>1er Taller J\u00f3venes Profesionales de la SOCICT. 22-23 de septiembre de 2016. Biblioteca \u201cRub\u00e9n Mart\u00ednez Villena\u201d Programa Cient\u00edfico Jueves 22 de septiembre 09:00-09:30 Acreditaci\u00f3n 09:30-09:40 Inauguraci\u00f3n. Dra.C. Mar\u00eda Aurora Soto Balb\u00f3n, Presidente SOCICT. 09:40-10:25 Conferencia \u201cSistemas de informaci\u00f3n: una perspectiva desde el an\u00e1lisis\u201d. Prof. Alejandro Medina Gonz\u00e1lez, Facultad de Comu\u00adnicaci\u00f3n, UH. 10:25-10:40 Papyrus case. Gestionando &hellip; <a href=\"http:\/\/www.socict.org\/cuba\/2016\/09\/20\/1er-taller-jovenes-profesionales-de-la-socict\/\" class=\"more-link\">Seguir leyendo <span class=\"screen-reader-text\">1er Taller J\u00f3venes Profesionales de la SOCICT<\/span> <span class=\"meta-nav\">&rarr;<\/span><\/a><\/p>\n","protected":false},"author":1,"featured_media":0,"comment_status":"open","ping_status":"open","sticky":false,"template":"","format":"standard","meta":{"footnotes":""},"categories":[21,8],"tags":[6,4],"class_list":["post-205","post","type-post","status-publish","format-standard","hentry","category-bibliotecologia","category-comunicaciones-de-la-socict","tag-bibliotecas-academicas","tag-talleres-y-reuniones"],"_links":{"self":[{"href":"http:\/\/www.socict.org\/cuba\/wp-json\/wp\/v2\/posts\/205","targetHints":{"allow":["GET"]}}],"collection":[{"href":"http:\/\/www.socict.org\/cuba\/wp-json\/wp\/v2\/posts"}],"about":[{"href":"http:\/\/www.socict.org\/cuba\/wp-json\/wp\/v2\/types\/post"}],"author":[{"embeddable":true,"href":"http:\/\/www.socict.org\/cuba\/wp-json\/wp\/v2\/users\/1"}],"replies":[{"embeddable":true,"href":"http:\/\/www.socict.org\/cuba\/wp-json\/wp\/v2\/comments?post=205"}],"version-history":[{"count":4,"href":"http:\/\/www.socict.org\/cuba\/wp-json\/wp\/v2\/posts\/205\/revisions"}],"predecessor-version":[{"id":220,"href":"http:\/\/www.socict.org\/cuba\/wp-json\/wp\/v2\/posts\/205\/revisions\/220"}],"wp:attachment":[{"href":"http:\/\/www.socict.org\/cuba\/wp-json\/wp\/v2\/media?parent=205"}],"wp:term":[{"taxonomy":"category","embeddable":true,"href":"http:\/\/www.socict.org\/cuba\/wp-json\/wp\/v2\/categories?post=205"},{"taxonomy":"post_tag","embeddable":true,"href":"http:\/\/www.socict.org\/cuba\/wp-json\/wp\/v2\/tags?post=205"}],"curies":[{"name":"wp","href":"https:\/\/api.w.org\/{rel}","templated":true}]}}