{"id":199,"date":"2016-09-20T12:41:19","date_gmt":"2016-09-20T16:41:19","guid":{"rendered":"http:\/\/www.socict.org\/cuba\/?p=199"},"modified":"2016-09-20T12:44:08","modified_gmt":"2016-09-20T16:44:08","slug":"conferencia-herramientas-eficientes-para-optimizacion-de-soportes-fijos-y-portables","status":"publish","type":"post","link":"http:\/\/www.socict.org\/cuba\/2016\/09\/20\/conferencia-herramientas-eficientes-para-optimizacion-de-soportes-fijos-y-portables\/","title":{"rendered":"Conferencia: herramientas eficientes para optimizaci\u00f3n de soportes fijos y portables"},"content":{"rendered":"<p style=\"text-align: center;\"><strong>Conferencia<\/strong><\/p>\n<figure id=\"attachment_200\" aria-describedby=\"caption-attachment-200\" style=\"width: 300px\" class=\"wp-caption alignright\"><a href=\"http:\/\/www.socict.org\/cuba\/wp-content\/uploads\/2016\/09\/eifgebjd.png\"><img loading=\"lazy\" decoding=\"async\" class=\"size-medium wp-image-200\" src=\"http:\/\/www.socict.org\/cuba\/wp-content\/uploads\/2016\/09\/eifgebjd-300x157.png\" alt=\"Resumen\" width=\"300\" height=\"157\" srcset=\"http:\/\/www.socict.org\/cuba\/wp-content\/uploads\/2016\/09\/eifgebjd-300x157.png 300w, http:\/\/www.socict.org\/cuba\/wp-content\/uploads\/2016\/09\/eifgebjd-768x403.png 768w, http:\/\/www.socict.org\/cuba\/wp-content\/uploads\/2016\/09\/eifgebjd.png 799w\" sizes=\"auto, (max-width: 300px) 100vw, 300px\" \/><\/a><figcaption id=\"caption-attachment-200\" class=\"wp-caption-text\">Octubre del 2016<\/figcaption><\/figure>\n<p><strong>Herramientas eficientes para optimizaci\u00f3n de soportes fijos y portables<\/strong><\/p>\n<p><strong>Dia<\/strong>: 4 de Octubre de 2016<br \/>\n<strong>Hora:<\/strong> 2 p.m.<br \/>\n<strong>Lugar<\/strong>: Bblioteca M\u00e9dica Nacional, Calle 23 Esq.\u00a0 N. Vedado, La Habana<br \/>\n<strong>Tel\u00e9fono:<\/strong><\/p>\n<p>(+537) 832 4317<\/p>\n<p>Fuente de informaci\u00f3n:<\/p>\n<figure id=\"attachment_203\" aria-describedby=\"caption-attachment-203\" style=\"width: 300px\" class=\"wp-caption alignright\"><a href=\"http:\/\/www.socict.org\/cuba\/wp-content\/uploads\/2016\/09\/jeaaijjh.png\"><img loading=\"lazy\" decoding=\"async\" class=\"size-medium wp-image-203\" src=\"http:\/\/www.socict.org\/cuba\/wp-content\/uploads\/2016\/09\/jeaaijjh-300x242.png\" alt=\"Fundamentaci\u00f3n\" width=\"300\" height=\"242\" srcset=\"http:\/\/www.socict.org\/cuba\/wp-content\/uploads\/2016\/09\/jeaaijjh-300x242.png 300w, http:\/\/www.socict.org\/cuba\/wp-content\/uploads\/2016\/09\/jeaaijjh-768x620.png 768w, http:\/\/www.socict.org\/cuba\/wp-content\/uploads\/2016\/09\/jeaaijjh.png 791w\" sizes=\"auto, (max-width: 300px) 100vw, 300px\" \/><\/a><figcaption id=\"caption-attachment-203\" class=\"wp-caption-text\">Fundamentaci\u00f3n<\/figcaption><\/figure>\n<p>Dra.C. Maria del Carmen Gonz\u00e1lez Rivero<br \/>\nJefa de Grupo Servicios Bibliotecarios<br \/>\nBiblioteca M\u00e9dica Nacional \/ Infomed \/ Cuba<br \/>\n<a href=\"http:\/\/www.bmn.sld.cu\" target=\"_blank\" rel=\"noreferrer\">http:\/\/www.bmn.sld.cu<\/a><br \/>\nTelf: (53) 7 8350022<\/p>\n","protected":false},"excerpt":{"rendered":"<p>Conferencia Herramientas eficientes para optimizaci\u00f3n de soportes fijos y portables Dia: 4 de Octubre de 2016 Hora: 2 p.m. Lugar: Bblioteca M\u00e9dica Nacional, Calle 23 Esq.\u00a0 N. Vedado, La Habana Tel\u00e9fono: (+537) 832 4317 Fuente de informaci\u00f3n: Dra.C. Maria del Carmen Gonz\u00e1lez Rivero Jefa de Grupo Servicios Bibliotecarios Biblioteca M\u00e9dica Nacional \/ Infomed \/ Cuba &hellip; <a href=\"http:\/\/www.socict.org\/cuba\/2016\/09\/20\/conferencia-herramientas-eficientes-para-optimizacion-de-soportes-fijos-y-portables\/\" class=\"more-link\">Seguir leyendo <span class=\"screen-reader-text\">Conferencia: herramientas eficientes para optimizaci\u00f3n de soportes fijos y portables<\/span> <span class=\"meta-nav\">&rarr;<\/span><\/a><\/p>\n","protected":false},"author":1,"featured_media":0,"comment_status":"open","ping_status":"open","sticky":false,"template":"","format":"standard","meta":{"footnotes":""},"categories":[21,31],"tags":[6,22,4],"class_list":["post-199","post","type-post","status-publish","format-standard","hentry","category-bibliotecologia","category-conferencia-magistral","tag-bibliotecas-academicas","tag-novedades-bibliotecologia","tag-talleres-y-reuniones"],"_links":{"self":[{"href":"http:\/\/www.socict.org\/cuba\/wp-json\/wp\/v2\/posts\/199","targetHints":{"allow":["GET"]}}],"collection":[{"href":"http:\/\/www.socict.org\/cuba\/wp-json\/wp\/v2\/posts"}],"about":[{"href":"http:\/\/www.socict.org\/cuba\/wp-json\/wp\/v2\/types\/post"}],"author":[{"embeddable":true,"href":"http:\/\/www.socict.org\/cuba\/wp-json\/wp\/v2\/users\/1"}],"replies":[{"embeddable":true,"href":"http:\/\/www.socict.org\/cuba\/wp-json\/wp\/v2\/comments?post=199"}],"version-history":[{"count":3,"href":"http:\/\/www.socict.org\/cuba\/wp-json\/wp\/v2\/posts\/199\/revisions"}],"predecessor-version":[{"id":204,"href":"http:\/\/www.socict.org\/cuba\/wp-json\/wp\/v2\/posts\/199\/revisions\/204"}],"wp:attachment":[{"href":"http:\/\/www.socict.org\/cuba\/wp-json\/wp\/v2\/media?parent=199"}],"wp:term":[{"taxonomy":"category","embeddable":true,"href":"http:\/\/www.socict.org\/cuba\/wp-json\/wp\/v2\/categories?post=199"},{"taxonomy":"post_tag","embeddable":true,"href":"http:\/\/www.socict.org\/cuba\/wp-json\/wp\/v2\/tags?post=199"}],"curies":[{"name":"wp","href":"https:\/\/api.w.org\/{rel}","templated":true}]}}