{"id":1324,"date":"2022-03-14T16:32:40","date_gmt":"2022-03-14T20:32:40","guid":{"rendered":"http:\/\/www.socict.org\/cuba\/?p=1324"},"modified":"2022-03-14T16:37:10","modified_gmt":"2022-03-14T20:37:10","slug":"habana-insurrecta-vista-por-la-filatelia-cubana","status":"publish","type":"post","link":"http:\/\/www.socict.org\/cuba\/2022\/03\/14\/habana-insurrecta-vista-por-la-filatelia-cubana\/","title":{"rendered":"Habana insurrecta vista por la filatelia cubana"},"content":{"rendered":"\n<p>Publicado en Cuba por primera vez, por la Editorial Universitaria, est\u00e1 disponible en: <a href=\"http:\/\/www.eduniv.cu\/items\/show\/40328\" target=\"_blank\" rel=\"noreferrer noopener\">http:\/\/www.eduniv.cu\/items\/show\/40328<\/a> el libro: La insurrecci\u00f3n en La Habana fue un factor decisivo de apoyo a las acciones del Ej\u00e9rcito Rebelde para derrocar a la tiran\u00eda de Batista y liberar a nuestro pueblo. El presente libro habla sobre este tema, a trav\u00e9s del prisma de la filatelia, para los j\u00f3venes cubanos.<\/p>\n\n\n\n<figure class=\"wp-block-image size-large\"><a href=\"http:\/\/www.socict.org\/cuba\/wp-content\/uploads\/2022\/03\/Cover.jpg\"><img loading=\"lazy\" decoding=\"async\" width=\"724\" height=\"1024\" src=\"http:\/\/www.socict.org\/cuba\/wp-content\/uploads\/2022\/03\/Cover-724x1024.jpg\" alt=\"\" class=\"wp-image-1327\" srcset=\"http:\/\/www.socict.org\/cuba\/wp-content\/uploads\/2022\/03\/Cover-724x1024.jpg 724w, http:\/\/www.socict.org\/cuba\/wp-content\/uploads\/2022\/03\/Cover-212x300.jpg 212w, http:\/\/www.socict.org\/cuba\/wp-content\/uploads\/2022\/03\/Cover-768x1086.jpg 768w, http:\/\/www.socict.org\/cuba\/wp-content\/uploads\/2022\/03\/Cover.jpg 992w\" sizes=\"auto, (max-width: 724px) 100vw, 724px\" \/><\/a><figcaption>Disponible en el Cat\u00e1logo Editorial EDUIV<\/figcaption><\/figure>\n\n\n\n<p><\/p>\n","protected":false},"excerpt":{"rendered":"<p>Publicado en Cuba por primera vez, por la Editorial Universitaria, est\u00e1 disponible en: http:\/\/www.eduniv.cu\/items\/show\/40328 el libro: La insurrecci\u00f3n en La Habana fue un factor decisivo de apoyo a las acciones del Ej\u00e9rcito Rebelde para derrocar a la tiran\u00eda de Batista y liberar a nuestro pueblo. El presente libro habla sobre este tema, a trav\u00e9s del &hellip; <a href=\"http:\/\/www.socict.org\/cuba\/2022\/03\/14\/habana-insurrecta-vista-por-la-filatelia-cubana\/\" class=\"more-link\">Seguir leyendo <span class=\"screen-reader-text\">Habana insurrecta vista por la filatelia cubana<\/span> <span class=\"meta-nav\">&rarr;<\/span><\/a><\/p>\n","protected":false},"author":1,"featured_media":0,"comment_status":"open","ping_status":"open","sticky":false,"template":"","format":"standard","meta":{"footnotes":""},"categories":[8],"tags":[50,35,63,98],"class_list":["post-1324","post","type-post","status-publish","format-standard","hentry","category-comunicaciones-de-la-socict","tag-historia-de-cuba","tag-libro-digital","tag-presentacion-libro","tag-socializacion-del-conocimiento"],"_links":{"self":[{"href":"http:\/\/www.socict.org\/cuba\/wp-json\/wp\/v2\/posts\/1324","targetHints":{"allow":["GET"]}}],"collection":[{"href":"http:\/\/www.socict.org\/cuba\/wp-json\/wp\/v2\/posts"}],"about":[{"href":"http:\/\/www.socict.org\/cuba\/wp-json\/wp\/v2\/types\/post"}],"author":[{"embeddable":true,"href":"http:\/\/www.socict.org\/cuba\/wp-json\/wp\/v2\/users\/1"}],"replies":[{"embeddable":true,"href":"http:\/\/www.socict.org\/cuba\/wp-json\/wp\/v2\/comments?post=1324"}],"version-history":[{"count":2,"href":"http:\/\/www.socict.org\/cuba\/wp-json\/wp\/v2\/posts\/1324\/revisions"}],"predecessor-version":[{"id":1328,"href":"http:\/\/www.socict.org\/cuba\/wp-json\/wp\/v2\/posts\/1324\/revisions\/1328"}],"wp:attachment":[{"href":"http:\/\/www.socict.org\/cuba\/wp-json\/wp\/v2\/media?parent=1324"}],"wp:term":[{"taxonomy":"category","embeddable":true,"href":"http:\/\/www.socict.org\/cuba\/wp-json\/wp\/v2\/categories?post=1324"},{"taxonomy":"post_tag","embeddable":true,"href":"http:\/\/www.socict.org\/cuba\/wp-json\/wp\/v2\/tags?post=1324"}],"curies":[{"name":"wp","href":"https:\/\/api.w.org\/{rel}","templated":true}]}}