{"id":1153,"date":"2020-06-15T18:59:27","date_gmt":"2020-06-15T22:59:27","guid":{"rendered":"http:\/\/www.socict.org\/cuba\/?p=1153"},"modified":"2020-06-15T19:01:50","modified_gmt":"2020-06-15T23:01:50","slug":"fallecio-hoy-fatima-alonso-nataniel-estrada","status":"publish","type":"post","link":"http:\/\/www.socict.org\/cuba\/2020\/06\/15\/fallecio-hoy-fatima-alonso-nataniel-estrada\/","title":{"rendered":"Falleci\u00f3 hoy F\u00e1tima Alonso (Nataniel Estrada)"},"content":{"rendered":"\n<p>Profesora jubilada de la Universidad Pedag\u00f3gica Enrique Jos\u00e9 Varona, v\u00edctima de una penosa enfermedad, fallece hoy F\u00e1tima Alonso Rodr\u00edguez, o Nataniel Estrada, seud\u00f3nimo que utiliz\u00f3 en su apasionante novela, del g\u00e9nero \u00ab<em>polic\u00edaco gay<\/em>\u00ab: <em>La desgarradora vida de un muchacho gay<\/em>,  disponible en la <a href=\"https:\/\/www.superfacil.cu\/libreria\/productos.php?producto=548\">librer\u00eda virtual de Citmatel<\/a>.<\/p>\n\n\n\n<p>Su libro <em>Conversando con G\u00f3mez<\/em>, tambi\u00e9n disponible en la <a rel=\"noreferrer noopener\" href=\"https:\/\/www.superfacil.cu\/libreria\/productos.php?producto=547\" target=\"_blank\">librer\u00eda virtual de Citmatel<\/a>, es un ensayo de ficci\u00f3n que, con rigurosidad hist\u00f3rica y bibliogr\u00e1fica, imagina un traslado en el tiempo hasta La Habana de 1905, para entrevistar en persona al <em>General\u00edsimo M\u00e1ximo G\u00f3mez<\/em>, en sus \u00faltimos d\u00edas de vida&#8230; tambi\u00e9n disponible en la <a rel=\"noreferrer noopener\" href=\"https:\/\/elibro.net\/es\/lc\/eduniv\/titulos\/71612\" target=\"_blank\">Biblioteca Digital eLibro.com<\/a>.<\/p>\n\n\n\n<p>F\u00e1tima, o Nataniel, te recordamos como a la profe amiga que nos contaba apasionadamente pasajes, poco conocidos, de la Historia de Cuba &#8230; Nos dejas tus libros&#8230;  <\/p>\n","protected":false},"excerpt":{"rendered":"<p>Profesora jubilada de la Universidad Pedag\u00f3gica Enrique Jos\u00e9 Varona, v\u00edctima de una penosa enfermedad, fallece hoy F\u00e1tima Alonso Rodr\u00edguez, o Nataniel Estrada, seud\u00f3nimo que utiliz\u00f3 en su apasionante novela, del g\u00e9nero \u00abpolic\u00edaco gay\u00ab: La desgarradora vida de un muchacho gay, disponible en la librer\u00eda virtual de Citmatel. Su libro Conversando con G\u00f3mez, tambi\u00e9n disponible en &hellip; <a href=\"http:\/\/www.socict.org\/cuba\/2020\/06\/15\/fallecio-hoy-fatima-alonso-nataniel-estrada\/\" class=\"more-link\">Seguir leyendo <span class=\"screen-reader-text\">Falleci\u00f3 hoy F\u00e1tima Alonso (Nataniel Estrada)<\/span> <span class=\"meta-nav\">&rarr;<\/span><\/a><\/p>\n","protected":false},"author":1,"featured_media":0,"comment_status":"open","ping_status":"open","sticky":false,"template":"","format":"standard","meta":{"footnotes":""},"categories":[8],"tags":[50,46,89,90],"class_list":["post-1153","post","type-post","status-publish","format-standard","hentry","category-comunicaciones-de-la-socict","tag-historia-de-cuba","tag-nota-funebre","tag-nota-necrologica","tag-novela-policiaca"],"_links":{"self":[{"href":"http:\/\/www.socict.org\/cuba\/wp-json\/wp\/v2\/posts\/1153","targetHints":{"allow":["GET"]}}],"collection":[{"href":"http:\/\/www.socict.org\/cuba\/wp-json\/wp\/v2\/posts"}],"about":[{"href":"http:\/\/www.socict.org\/cuba\/wp-json\/wp\/v2\/types\/post"}],"author":[{"embeddable":true,"href":"http:\/\/www.socict.org\/cuba\/wp-json\/wp\/v2\/users\/1"}],"replies":[{"embeddable":true,"href":"http:\/\/www.socict.org\/cuba\/wp-json\/wp\/v2\/comments?post=1153"}],"version-history":[{"count":2,"href":"http:\/\/www.socict.org\/cuba\/wp-json\/wp\/v2\/posts\/1153\/revisions"}],"predecessor-version":[{"id":1155,"href":"http:\/\/www.socict.org\/cuba\/wp-json\/wp\/v2\/posts\/1153\/revisions\/1155"}],"wp:attachment":[{"href":"http:\/\/www.socict.org\/cuba\/wp-json\/wp\/v2\/media?parent=1153"}],"wp:term":[{"taxonomy":"category","embeddable":true,"href":"http:\/\/www.socict.org\/cuba\/wp-json\/wp\/v2\/categories?post=1153"},{"taxonomy":"post_tag","embeddable":true,"href":"http:\/\/www.socict.org\/cuba\/wp-json\/wp\/v2\/tags?post=1153"}],"curies":[{"name":"wp","href":"https:\/\/api.w.org\/{rel}","templated":true}]}}